{"id":113658,"date":"2020-09-17T09:10:50","date_gmt":"2020-09-17T07:10:50","guid":{"rendered":"http:\/\/www.tucomarca.com\/wordpress\/segunda\/?p=113658"},"modified":"2020-09-17T09:54:09","modified_gmt":"2020-09-17T07:54:09","slug":"la-delegada-del-gobierno-recibe-a-los-alcaldes-del-eje-a3-para-tratar-las-reivindicaciones-en-materia-de-infraestructuras-y-conexiones","status":"publish","type":"post","link":"https:\/\/www.tucomarca.com\/wordpress\/segunda\/la-delegada-del-gobierno-recibe-a-los-alcaldes-del-eje-a3-para-tratar-las-reivindicaciones-en-materia-de-infraestructuras-y-conexiones\/","title":{"rendered":"La Delegada del Gobierno recibe a los alcaldes del Eje A3 para tratar las reivindicaciones en materia de infraestructuras y conexiones"},"content":{"rendered":"\n<p><strong>Los alcaldes tachan de muy positiva la reuni\u00f3n y agenda un encuentro con Fomento<\/strong><\/p>\n\n\n\n<p>La delegada del Gobierno en Val\u00e8ncia, Gloria Isabel Calero ha recibido este mi\u00e9rcoles 16 de septiembre a los alcaldes de la Asociaci\u00f3n de Municipios del Eje A3, conformada por el el alcalde de Loriguilla y actual presidente Sergio Alfaro, por el alcalde de Cheste Jos\u00e9 Morell y por el alcalde de Riba-roja de T\u00faria Robert Raga, para tratar las reivindicaciones respecto a las conexiones de la autov\u00eda A-3 y la A-7 y a las infraestructuras de la zona.<\/p>\n\n\n\n<p>Los tres alcaldes han presentado en una reuni\u00f3n que ha durado cerca de una hora y que ha sido tachada de \u201cmuy provechosa y positiva\u201d por sus integrantes, la necesidad de ofrecer una soluci\u00f3n para aliviar la congesti\u00f3n de los accesos a la A-7 as\u00ed como a la A-3 a trav\u00e9s de la CV-383 y la CV-374, donde diariamente se produce atascos importantes por el flujo de entrada y salida de veh\u00edculo y camiones al pol\u00edgono.<\/p>\n\n\n\n<p>En el encuentro, los alcaldes han aportado el conjunto de propuestas para solucionar los problemas como el proyecto del \u2018Puente de Bal\u00f3\u2019 cuya licitaci\u00f3n de obras se encuentra actualmente en el Ministerio de Fomento a falta de validaci\u00f3n.<\/p>\n\n\n\n<p>Adem\u00e1s, los alcaldes han reiterado la necesidad de mantener, modernizar y aumentar la frecuencia de la l\u00ednea de Cercan\u00edas C3 que actualmente permite el tr\u00e1nsito de trabajadores del pol\u00edgono y representa un importante aliciente para las empresas del \u00e1rea y las futuras empresas que buscan localizaci\u00f3n para instalarse.<\/p>\n\n\n\n<p>En este primer encuentro con la \u2018nueva\u2019 delegada del Gobierno de Val\u00e8ncia nombrada el pasado mes de febrero, los alcaldes han facilitado el Plan Estrat\u00e9gico de Desarrollo Industrial de esta zona log\u00edstica, desarrollado con la Universitat Polit\u00e8cnica de Val\u00e8ncia, a la vez que han vuelto a subrayar el valor en materia de creaci\u00f3n de empleo y de desarrollo log\u00edstico e industrial que representan dichas zonas industriales.<\/p>\n\n\n\n<p><strong>Encuentro con Fomento<\/strong><\/p>\n\n\n\n<p>La delegada del Gobierno ha emplazado a los tres alcaldes que conforman la asociaci\u00f3n a reunirse nuevamente el pr\u00f3ximo jueves 1 de octubre para seguir tratando las soluciones propuestas, previo al encuentro que mantendr\u00e1n con Fomento (\u00e1rea de carreteras) el pr\u00f3ximo 5 de octubre en Madrid.<\/p>\n\n\n\n<p>Todas est\u00e1s reivindicaciones llevan ya sobre la mesa desde el 2017, tras la creaci\u00f3n de la propia asociaci\u00f3n y de la colaboraci\u00f3n que se marcaron los tres municipios para consolidar una estrategia conjunta para el desarrollo industrial.<\/p>\n\n\n\n<p>Actualmente, los tres municipios suman 14 millones de metros cuadrados de suelo industrial, de los cuales hay desarrollado algo m\u00e1s de 8 millones.&nbsp; De ah\u00ed la importancia de las peticiones que se alinean con las de las tres asociaciones de empresarios del pol\u00edgono industrial, RIBA3, Asociaci\u00f3n de Empresarios la Reva (Asocreva) y el Parque Log\u00edstico Valencia (PLV) con las que los Ayuntamientos vienen colaborando desde la anterior legislatura.&nbsp;<\/p>\n","protected":false},"excerpt":{"rendered":"<div class=\"mh-excerpt\">Los alcaldes tachan de muy positiva la reuni\u00f3n y agenda un encuentro con Fomento La delegada del Gobierno en Val\u00e8ncia, Gloria Isabel Calero ha recibido este mi\u00e9rcoles 16 de septiembre a los alcaldes de la <a class=\"mh-excerpt-more\" href=\"https:\/\/www.tucomarca.com\/wordpress\/segunda\/la-delegada-del-gobierno-recibe-a-los-alcaldes-del-eje-a3-para-tratar-las-reivindicaciones-en-materia-de-infraestructuras-y-conexiones\/\" title=\"La Delegada del Gobierno recibe a los alcaldes del Eje A3 para tratar las reivindicaciones en materia de infraestructuras y conexiones\">[+] <\/a><\/div>\n","protected":false},"author":12,"featured_media":113660,"comment_status":"open","ping_status":"open","sticky":false,"template":"","format":"standard","meta":{"footnotes":""},"categories":[46,17,128,8,10,178,142,182,3,45],"tags":[131,10631,12576,10470,339,5952],"class_list":{"0":"post-113658","1":"post","2":"type-post","3":"status-publish","4":"format-standard","5":"has-post-thumbnail","7":"category-camp-de-turia","8":"category-cheste","9":"category-infraestructuras","10":"category-la-comarca","11":"category-la-hoya","12":"category-loriguilla","13":"category-politica-la-comarca","14":"category-riba-roja","15":"category-seccion","16":"category-ventana","17":"tag-a3","18":"tag-ajuntament-de-riba-roja","19":"tag-asociacion-de-municipios-del-eje-a3","20":"tag-ayuntamiento-de-cheste","21":"tag-cheste-2","22":"tag-la-hoya-de-bunol-chiva"},"_links":{"self":[{"href":"https:\/\/www.tucomarca.com\/wordpress\/segunda\/wp-json\/wp\/v2\/posts\/113658","targetHints":{"allow":["GET"]}}],"collection":[{"href":"https:\/\/www.tucomarca.com\/wordpress\/segunda\/wp-json\/wp\/v2\/posts"}],"about":[{"href":"https:\/\/www.tucomarca.com\/wordpress\/segunda\/wp-json\/wp\/v2\/types\/post"}],"author":[{"embeddable":true,"href":"https:\/\/www.tucomarca.com\/wordpress\/segunda\/wp-json\/wp\/v2\/users\/12"}],"replies":[{"embeddable":true,"href":"https:\/\/www.tucomarca.com\/wordpress\/segunda\/wp-json\/wp\/v2\/comments?post=113658"}],"version-history":[{"count":0,"href":"https:\/\/www.tucomarca.com\/wordpress\/segunda\/wp-json\/wp\/v2\/posts\/113658\/revisions"}],"wp:featuredmedia":[{"embeddable":true,"href":"https:\/\/www.tucomarca.com\/wordpress\/segunda\/wp-json\/wp\/v2\/media\/113660"}],"wp:attachment":[{"href":"https:\/\/www.tucomarca.com\/wordpress\/segunda\/wp-json\/wp\/v2\/media?parent=113658"}],"wp:term":[{"taxonomy":"category","embeddable":true,"href":"https:\/\/www.tucomarca.com\/wordpress\/segunda\/wp-json\/wp\/v2\/categories?post=113658"},{"taxonomy":"post_tag","embeddable":true,"href":"https:\/\/www.tucomarca.com\/wordpress\/segunda\/wp-json\/wp\/v2\/tags?post=113658"}],"curies":[{"name":"wp","href":"https:\/\/api.w.org\/{rel}","templated":true}]}}