{"id":113803,"date":"2020-09-18T19:31:52","date_gmt":"2020-09-18T17:31:52","guid":{"rendered":"http:\/\/www.tucomarca.com\/wordpress\/segunda\/?p=113803"},"modified":"2020-09-18T21:44:17","modified_gmt":"2020-09-18T19:44:17","slug":"riba-roja-amplia-la-oferta-educativa-de-los-jovenes-con-programas-sobre-tecnicas-de-estudio-desarrollo-personal-y-charlas","status":"publish","type":"post","link":"https:\/\/www.tucomarca.com\/wordpress\/segunda\/riba-roja-amplia-la-oferta-educativa-de-los-jovenes-con-programas-sobre-tecnicas-de-estudio-desarrollo-personal-y-charlas\/","title":{"rendered":"Riba-roja ampl\u00eda la oferta educativa de los j\u00f3venes con programas sobre t\u00e9cnicas de estudio, desarrollo personal y charlas"},"content":{"rendered":"\n<p><strong>Se ampl\u00eda el servicio de clases de repaso en Eso y Bachillerato<\/strong><\/p>\n\n\n\n<p>El pleno del Ayuntamiento de Riba-roja de T\u00faria ha aprobado la puesta en marcha de los programas Impulsa\u2019t (Impuls Educatiu Juvenil) y Prej (projecte de Refor\u00e7 Educatiu Juvenil) coincidiendo con el inicio del curso escolar 2020\/21. La aprobaci\u00f3n de esta iniciativa ha contado con el voto a favor del equipo de gobierno del PSPV, de Comprom\u00eds, l\u2019Esquerra, Podemos Riba-roja, Ciudadanos, el Partido Popular y Vox, es decir, por unanimidad pol\u00edtica.&nbsp;<\/p>\n\n\n\n<p>Ambos programas pretenden complementar la actual oferta educativa que reciben actualmente los m\u00e1s de 1.500 alumnos matriculados en las ense\u00f1anzas obligatorias y postobligatorias de la localidad, as\u00ed como una media de m\u00e1s de 200 alumnos que transitan cada a\u00f1o desde primaria a secundaria. Con esta nueva oferta educativa se pretende reforzar la oferta en estos segmentos de edad de la poblaci\u00f3n juvenil.&nbsp;<\/p>\n\n\n\n<p>El centro de informaci\u00f3n juvenil (CIJ) oferta anualmente y desde hace a\u00f1os clases de repaso en los ciclos de Eso y Bachillerato con el objetivo de ayudar al alumnado de estas etapas educativas a reforzar y mejorar el aprendizaje que reciben en sus respectivos centros educativos, as\u00ed como tambi\u00e9n se les prepara para la obtenci\u00f3n de los carnets de ingl\u00e9s y diversos cursos de formaci\u00f3n adicional.&nbsp;<\/p>\n\n\n\n<p>Con el objetivo de insertar este servicio en un programa m\u00e1s global y con un espectro transversal se han dise\u00f1ado sendos planes que formar\u00e1n parte de un proyecto educativo juvenil para complementar la formaci\u00f3n de la juventud de Riba-roja de T\u00faria, en especial centrado en el aprendizaje individual, pero, al tiempo, adaptado tambi\u00e9n a las necesidades insoslayables de cada alumno en concreto.&nbsp;<\/p>\n\n\n\n<p>De esta manera, se busca una mayor flexibilidad en la oferta educativa para su modificaci\u00f3n y adaptaci\u00f3n a las necesidades de los estudiantes y, tambi\u00e9n, una coordinaci\u00f3n entre los alumnos, el profesorado y los centros educativos, as\u00ed como el \u00e1rea de servicios sociales y el resto de departamentos que se puedan incluir en un programa transversal que supone la propia educaci\u00f3n y formaci\u00f3n de los j\u00f3venes.&nbsp; &nbsp;<\/p>\n\n\n\n<p>En este sentido, el Ayuntamiento de Riba-roja de T\u00faria incluir\u00e1, dentro de estos nuevos programas complementarios, m\u00e1s servicios para los j\u00f3venes estudiantes como charlas, ciclos de f\u00f3rums, t\u00e9cnicas de estudio o desarrollo de habilidades sociales, entre otros. Esta iniciativa reforzar\u00e1 notablemente los servicios de repaso en los ciclos de Eso y Bachillerato que ya se vienen ofertando de forma habitual.&nbsp;<\/p>\n\n\n\n<p>El equipo de gobierno de Riba-roja de T\u00faria pondr\u00e1 en marcha campa\u00f1as de sensibilizaci\u00f3n y difusi\u00f3n de los nuevos programas que se impartir\u00e1n desde el CIJ con el objetivo de llegar al m\u00e1ximo de personas a las que van dirigidos, en especial las familias, los claustros y equipos directivos de los centros educativos de la localidad, as\u00ed como los equipos de orientaci\u00f3n de los mismos.&nbsp;<\/p>\n\n\n\n<p>El alcalde de Riba-roja de T\u00faria, Robert Raga, ha destacado que estos dos nuevos programas enfocados a los estudiantes \u201cno son en s\u00ed un a\u00f1adido a las clases lectivas que reciben en sus respectivos centros educativos sino, tambi\u00e9n, un est\u00edmulo y un acicate que les sirva de impulso para que puedan desarrollar por s\u00ed mismos una autonom\u00eda que les ayuden a tomar las decisiones oportunas en su etapa de formaci\u00f3n que marcar\u00e1 su futuro\u201d.<\/p>\n","protected":false},"excerpt":{"rendered":"<div class=\"mh-excerpt\">Se ampl\u00eda el servicio de clases de repaso en Eso y Bachillerato El pleno del Ayuntamiento de Riba-roja de T\u00faria ha aprobado la puesta en marcha de los programas Impulsa\u2019t (Impuls Educatiu Juvenil) y Prej <a class=\"mh-excerpt-more\" href=\"https:\/\/www.tucomarca.com\/wordpress\/segunda\/riba-roja-amplia-la-oferta-educativa-de-los-jovenes-con-programas-sobre-tecnicas-de-estudio-desarrollo-personal-y-charlas\/\" title=\"Riba-roja ampl\u00eda la oferta educativa de los j\u00f3venes con programas sobre t\u00e9cnicas de estudio, desarrollo personal y charlas\">[+] <\/a><\/div>\n","protected":false},"author":12,"featured_media":112049,"comment_status":"open","ping_status":"open","sticky":false,"template":"","format":"standard","meta":{"footnotes":""},"categories":[46,128,8,182,3],"tags":[10631,10395],"class_list":{"0":"post-113803","1":"post","2":"type-post","3":"status-publish","4":"format-standard","5":"has-post-thumbnail","7":"category-camp-de-turia","8":"category-infraestructuras","9":"category-la-comarca","10":"category-riba-roja","11":"category-seccion","12":"tag-ajuntament-de-riba-roja","13":"tag-camp-de-turia"},"_links":{"self":[{"href":"https:\/\/www.tucomarca.com\/wordpress\/segunda\/wp-json\/wp\/v2\/posts\/113803","targetHints":{"allow":["GET"]}}],"collection":[{"href":"https:\/\/www.tucomarca.com\/wordpress\/segunda\/wp-json\/wp\/v2\/posts"}],"about":[{"href":"https:\/\/www.tucomarca.com\/wordpress\/segunda\/wp-json\/wp\/v2\/types\/post"}],"author":[{"embeddable":true,"href":"https:\/\/www.tucomarca.com\/wordpress\/segunda\/wp-json\/wp\/v2\/users\/12"}],"replies":[{"embeddable":true,"href":"https:\/\/www.tucomarca.com\/wordpress\/segunda\/wp-json\/wp\/v2\/comments?post=113803"}],"version-history":[{"count":0,"href":"https:\/\/www.tucomarca.com\/wordpress\/segunda\/wp-json\/wp\/v2\/posts\/113803\/revisions"}],"wp:featuredmedia":[{"embeddable":true,"href":"https:\/\/www.tucomarca.com\/wordpress\/segunda\/wp-json\/wp\/v2\/media\/112049"}],"wp:attachment":[{"href":"https:\/\/www.tucomarca.com\/wordpress\/segunda\/wp-json\/wp\/v2\/media?parent=113803"}],"wp:term":[{"taxonomy":"category","embeddable":true,"href":"https:\/\/www.tucomarca.com\/wordpress\/segunda\/wp-json\/wp\/v2\/categories?post=113803"},{"taxonomy":"post_tag","embeddable":true,"href":"https:\/\/www.tucomarca.com\/wordpress\/segunda\/wp-json\/wp\/v2\/tags?post=113803"}],"curies":[{"name":"wp","href":"https:\/\/api.w.org\/{rel}","templated":true}]}}