{"id":114765,"date":"2020-10-03T13:15:44","date_gmt":"2020-10-03T11:15:44","guid":{"rendered":"http:\/\/www.tucomarca.com\/wordpress\/segunda\/?p=114765"},"modified":"2020-10-03T20:24:59","modified_gmt":"2020-10-03T18:24:59","slug":"el-ayuntamiento-de-bunol-convoca-la-iii-edicion-del-concurso-de-fotografia-barrio-san-rafael","status":"publish","type":"post","link":"https:\/\/www.tucomarca.com\/wordpress\/segunda\/el-ayuntamiento-de-bunol-convoca-la-iii-edicion-del-concurso-de-fotografia-barrio-san-rafael\/","title":{"rendered":"El Ayuntamiento de Bu\u00f1ol convoca la III edici\u00f3n del Concurso de Fotograf\u00eda Barrio San Rafael"},"content":{"rendered":"\n<p>La concejal\u00eda de Cultura del Ayuntamiento de Bu\u00f1ol informa de la convocatoria del Tercer Concurso de Fotograf\u00eda Barrio de San Rafael enfocado a premiar las mejores fotograf\u00edas que muestren la riqueza paisaj\u00edstica, obras culturales y\/o art\u00edsticas o industriales de la localidad.<\/p>\n\n\n\n<p>El concejal de Cultura, Juan Luis Pall\u00e1s, llama a la participaci\u00f3n de todas las personas, profesionales o no, \u201cpara que participen en este concurso presentando sus fotograf\u00edas reflejando nuestros parajes, nuestra cultura o nuestra industria, s\u00edmbolo de esta bella localidad de interior\u201d<\/p>\n\n\n\n<p>Todos los interesados en participar en este concurso pueden emitir por Registro de entrada del Ayuntamiento de Bu\u00f1ol sus obras in\u00e9ditas (hasta un total de 3 fotograf\u00edas por autor) hasta el 23 de octubre. Los premios que se otorgar\u00e1n van desde los 250\u20ac para el ganador, hasta los 100\u20ac para el Tercer Premio y Premio del P\u00fablico. La entrega de premios se har\u00e1 en acto p\u00fablico el 7 de noviembre con motivo de la inauguraci\u00f3n de la exposici\u00f3n de las fotograf\u00edas a concurso.<\/p>\n\n\n\n<p>Pall\u00e1s recuerda a la poblaci\u00f3n que puede presentarse cualquier persona f\u00edsica, profesional o aficionado sin l\u00edmite de edad. Junto con la fotograf\u00eda se presentar\u00e1 un sobre cerrado en el que en su interior debe llevar la solicitud de participaci\u00f3n en el concurso firmada, fotograf\u00eda compulsada del DNI, declaraci\u00f3n responsable de no estar incurso en ninguna de las prohibiciones de las recogidas en el art.13.2 de la Ley 38\/03 General de Subvenciones, declaraci\u00f3n responsable del cumplimiento de obligaciones tributarias y de Seguridad Social y datos de contacto.<\/p>\n\n\n\n<p>El edil recuerda que todas las obras que entren a concurso podr\u00e1n ser objeto de exposici\u00f3n durante los meses de noviembre a diciembre, dentro de la Programaci\u00f3n Cultural Estable \u201cBu\u00f1ol Act\u00faa\u201d, en el espacio y condiciones que el Ayuntamiento estime oportuno.<\/p>\n\n\n\n<p>El tama\u00f1o de las fotograf\u00edas ser\u00e1 de 30&#215;40 cm como m\u00ednimo y de 40&#215;50 cm como m\u00e1ximo, aunque tambi\u00e9n pueden presentarse en soporte pen drive. Deben presentarse en el Registro de Entrada del Consistorio bu\u00f1olense de lunes a viernes de 9 a 14h.<br><\/p>\n","protected":false},"excerpt":{"rendered":"<div class=\"mh-excerpt\">La concejal\u00eda de Cultura del Ayuntamiento de Bu\u00f1ol informa de la convocatoria del Tercer Concurso de Fotograf\u00eda Barrio de San Rafael enfocado a premiar las mejores fotograf\u00edas que muestren la riqueza paisaj\u00edstica, obras culturales y\/o <a class=\"mh-excerpt-more\" href=\"https:\/\/www.tucomarca.com\/wordpress\/segunda\/el-ayuntamiento-de-bunol-convoca-la-iii-edicion-del-concurso-de-fotografia-barrio-san-rafael\/\" title=\"El Ayuntamiento de Bu\u00f1ol convoca la III edici\u00f3n del Concurso de Fotograf\u00eda Barrio San Rafael\">[+] <\/a><\/div>\n","protected":false},"author":12,"featured_media":114769,"comment_status":"open","ping_status":"open","sticky":false,"template":"","format":"standard","meta":{"footnotes":""},"categories":[4,18,8,10,7,3],"tags":[5335,12686,5952],"class_list":{"0":"post-114765","1":"post","2":"type-post","3":"status-publish","4":"format-standard","5":"has-post-thumbnail","7":"category-agenda","8":"category-bunol","9":"category-la-comarca","10":"category-la-hoya","11":"category-ocio-y-cultura","12":"category-seccion","13":"tag-ayuntamiento-de-bunol","14":"tag-iii-concurso-de-fotografia-barrio-san-rafael","15":"tag-la-hoya-de-bunol-chiva"},"_links":{"self":[{"href":"https:\/\/www.tucomarca.com\/wordpress\/segunda\/wp-json\/wp\/v2\/posts\/114765","targetHints":{"allow":["GET"]}}],"collection":[{"href":"https:\/\/www.tucomarca.com\/wordpress\/segunda\/wp-json\/wp\/v2\/posts"}],"about":[{"href":"https:\/\/www.tucomarca.com\/wordpress\/segunda\/wp-json\/wp\/v2\/types\/post"}],"author":[{"embeddable":true,"href":"https:\/\/www.tucomarca.com\/wordpress\/segunda\/wp-json\/wp\/v2\/users\/12"}],"replies":[{"embeddable":true,"href":"https:\/\/www.tucomarca.com\/wordpress\/segunda\/wp-json\/wp\/v2\/comments?post=114765"}],"version-history":[{"count":0,"href":"https:\/\/www.tucomarca.com\/wordpress\/segunda\/wp-json\/wp\/v2\/posts\/114765\/revisions"}],"wp:featuredmedia":[{"embeddable":true,"href":"https:\/\/www.tucomarca.com\/wordpress\/segunda\/wp-json\/wp\/v2\/media\/114769"}],"wp:attachment":[{"href":"https:\/\/www.tucomarca.com\/wordpress\/segunda\/wp-json\/wp\/v2\/media?parent=114765"}],"wp:term":[{"taxonomy":"category","embeddable":true,"href":"https:\/\/www.tucomarca.com\/wordpress\/segunda\/wp-json\/wp\/v2\/categories?post=114765"},{"taxonomy":"post_tag","embeddable":true,"href":"https:\/\/www.tucomarca.com\/wordpress\/segunda\/wp-json\/wp\/v2\/tags?post=114765"}],"curies":[{"name":"wp","href":"https:\/\/api.w.org\/{rel}","templated":true}]}}