{"id":114877,"date":"2020-10-05T10:00:57","date_gmt":"2020-10-05T08:00:57","guid":{"rendered":"http:\/\/www.tucomarca.com\/wordpress\/segunda\/?p=114877"},"modified":"2020-10-05T13:56:54","modified_gmt":"2020-10-05T11:56:54","slug":"la-universidad-politecnica-de-valencia-suspende-las-clases-presenciales-para-evitar-un-contagio-masivo","status":"publish","type":"post","link":"https:\/\/www.tucomarca.com\/wordpress\/segunda\/la-universidad-politecnica-de-valencia-suspende-las-clases-presenciales-para-evitar-un-contagio-masivo\/","title":{"rendered":"La Universidad Polit\u00e9cnica de Valencia suspende las clases presenciales para evitar un contagio masivo"},"content":{"rendered":"\n<p><strong>La UPV pasa a online toda la formaci\u00f3n&nbsp;de los t\u00edtulos del campus de Vera<\/strong><\/p>\n\n\n\n<p><strong>Hasta el momento, los resultados que se van conociendo de las pruebas PCR realizadas el viernes 2 de octubre arrojan un alto nivel de positivos<\/strong><\/p>\n\n\n\n<p><strong>Con el objetivo de evitar la propagaci\u00f3n de los contagios, se ha decidido esta medida solo para el campus de Vera y a partir de hoy 5 de octubre<\/strong><\/p>\n\n\n\n<p>Como es sabido, el pasado viernes 2 de octubre, se realizaron pruebas PCR masivas tras detectarse una serie de contagios de COVID-19 en estudiantes de la Universitat Polit\u00e8cnica de Val\u00e8ncia relacionados con el Galileo Galilei, el colegio mayor de gesti\u00f3n privada que est\u00e1 ubicado en el campus de Vera.<\/p>\n\n\n\n<p>Hasta el momento, los resultados que se van conociendo de estas pruebas PCR arrojan un alto nivel de positivos, lo que debe conducir a las autoridades sanitarias a ampliar el rastreo de contactos cercanos.<\/p>\n\n\n\n<p>Por ello, de acuerdo con las autoridades sanitarias con las que la UPV est\u00e1 en continua comunicaci\u00f3n y con el objetivo de evitar la propagaci\u00f3n de los contagios, se ha decidido que, a partir de hoy 5 de octubre, la docencia de todas las titulaciones de grado, m\u00e1ster universitario y doctorado del campus de Vera pase a modo online.<\/p>\n\n\n\n<p>Esta modalidad de docencia a distancia se mantendr\u00e1 mientras se hagan rastreos, se determine el alcance de los contagios y hasta que las autoridades sanitarias indiquen otra situaci\u00f3n. El resto de actividades del campus se mantienen con normalidad.<\/p>\n\n\n\n<p>Desde el Vicerrectorado de Alumnado, Cultura y Deporte, se pide a los estudiantes que permanezcan atentos a las comunicaciones que desde la UPV o desde los centros se vayan emitiendo a este respecto y, sobre todo, que mantengan todas las precauciones posibles (distancia, mascarilla e higiene de manos) para evitar contagios.<\/p>\n","protected":false},"excerpt":{"rendered":"<div class=\"mh-excerpt\">La UPV pasa a online toda la formaci\u00f3n&nbsp;de los t\u00edtulos del campus de Vera Hasta el momento, los resultados que se van conociendo de las pruebas PCR realizadas el viernes 2 de octubre arrojan un <a class=\"mh-excerpt-more\" href=\"https:\/\/www.tucomarca.com\/wordpress\/segunda\/la-universidad-politecnica-de-valencia-suspende-las-clases-presenciales-para-evitar-un-contagio-masivo\/\" title=\"La Universidad Polit\u00e9cnica de Valencia suspende las clases presenciales para evitar un contagio masivo\">[+] <\/a><\/div>\n","protected":false},"author":1,"featured_media":114884,"comment_status":"open","ping_status":"open","sticky":false,"template":"","format":"standard","meta":{"footnotes":""},"categories":[12201,128,8,72,3,116,45],"tags":[11937,11938,12691,12690],"class_list":{"0":"post-114877","1":"post","2":"type-post","3":"status-publish","4":"format-standard","5":"has-post-thumbnail","7":"category-covid-19","8":"category-infraestructuras","9":"category-la-comarca","10":"category-sin-categorizar","11":"category-seccion","12":"category-sucesos-la-comarca","13":"category-ventana","14":"tag-coronavirus","15":"tag-covid-19","16":"tag-universitat-politecnica-de-valencia","17":"tag-upv"},"_links":{"self":[{"href":"https:\/\/www.tucomarca.com\/wordpress\/segunda\/wp-json\/wp\/v2\/posts\/114877","targetHints":{"allow":["GET"]}}],"collection":[{"href":"https:\/\/www.tucomarca.com\/wordpress\/segunda\/wp-json\/wp\/v2\/posts"}],"about":[{"href":"https:\/\/www.tucomarca.com\/wordpress\/segunda\/wp-json\/wp\/v2\/types\/post"}],"author":[{"embeddable":true,"href":"https:\/\/www.tucomarca.com\/wordpress\/segunda\/wp-json\/wp\/v2\/users\/1"}],"replies":[{"embeddable":true,"href":"https:\/\/www.tucomarca.com\/wordpress\/segunda\/wp-json\/wp\/v2\/comments?post=114877"}],"version-history":[{"count":0,"href":"https:\/\/www.tucomarca.com\/wordpress\/segunda\/wp-json\/wp\/v2\/posts\/114877\/revisions"}],"wp:featuredmedia":[{"embeddable":true,"href":"https:\/\/www.tucomarca.com\/wordpress\/segunda\/wp-json\/wp\/v2\/media\/114884"}],"wp:attachment":[{"href":"https:\/\/www.tucomarca.com\/wordpress\/segunda\/wp-json\/wp\/v2\/media?parent=114877"}],"wp:term":[{"taxonomy":"category","embeddable":true,"href":"https:\/\/www.tucomarca.com\/wordpress\/segunda\/wp-json\/wp\/v2\/categories?post=114877"},{"taxonomy":"post_tag","embeddable":true,"href":"https:\/\/www.tucomarca.com\/wordpress\/segunda\/wp-json\/wp\/v2\/tags?post=114877"}],"curies":[{"name":"wp","href":"https:\/\/api.w.org\/{rel}","templated":true}]}}