{"id":115081,"date":"2020-10-06T15:15:41","date_gmt":"2020-10-06T13:15:41","guid":{"rendered":"http:\/\/www.tucomarca.com\/wordpress\/segunda\/?p=115081"},"modified":"2020-10-06T23:31:03","modified_gmt":"2020-10-06T21:31:03","slug":"el-pp-de-bunol-muestra-sus-condolencias-por-el-fallecimiento-de-pablo-cusi","status":"publish","type":"post","link":"https:\/\/www.tucomarca.com\/wordpress\/segunda\/el-pp-de-bunol-muestra-sus-condolencias-por-el-fallecimiento-de-pablo-cusi\/","title":{"rendered":"El PP de Bu\u00f1ol muestra sus condolencias por el fallecimiento de Pablo Cus\u00ed"},"content":{"rendered":"\n<p>\u00abLa familia Popular de Bu\u00f1ol manifiesta su enorme tristeza por el fallecimiento de Pablo Cus\u00ed Sierra. Nos unimos a la consternaci\u00f3n social por su p\u00e9rdida del que fuera un gran ejemplo para todo Bu\u00f1ol por su tes\u00f3n y fortaleza para afrontar las adversidades. Nuestro m\u00e1s sentido p\u00e9same a toda su familia. Descanse en Paz\u00bb.<\/p>\n","protected":false},"excerpt":{"rendered":"<div class=\"mh-excerpt\">\u00abLa familia Popular de Bu\u00f1ol manifiesta su enorme tristeza por el fallecimiento de Pablo Cus\u00ed Sierra. Nos unimos a la consternaci\u00f3n social por su p\u00e9rdida del que fuera un gran ejemplo para todo Bu\u00f1ol por <a class=\"mh-excerpt-more\" href=\"https:\/\/www.tucomarca.com\/wordpress\/segunda\/el-pp-de-bunol-muestra-sus-condolencias-por-el-fallecimiento-de-pablo-cusi\/\" title=\"El PP de Bu\u00f1ol muestra sus condolencias por el fallecimiento de Pablo Cus\u00ed\">[+] <\/a><\/div>\n","protected":false},"author":1,"featured_media":101802,"comment_status":"open","ping_status":"open","sticky":false,"template":"","format":"standard","meta":{"footnotes":""},"categories":[18,8,10,142,3],"tags":[5952,63],"class_list":{"0":"post-115081","1":"post","2":"type-post","3":"status-publish","4":"format-standard","5":"has-post-thumbnail","7":"category-bunol","8":"category-la-comarca","9":"category-la-hoya","10":"category-politica-la-comarca","11":"category-seccion","12":"tag-la-hoya-de-bunol-chiva","13":"tag-pp"},"_links":{"self":[{"href":"https:\/\/www.tucomarca.com\/wordpress\/segunda\/wp-json\/wp\/v2\/posts\/115081","targetHints":{"allow":["GET"]}}],"collection":[{"href":"https:\/\/www.tucomarca.com\/wordpress\/segunda\/wp-json\/wp\/v2\/posts"}],"about":[{"href":"https:\/\/www.tucomarca.com\/wordpress\/segunda\/wp-json\/wp\/v2\/types\/post"}],"author":[{"embeddable":true,"href":"https:\/\/www.tucomarca.com\/wordpress\/segunda\/wp-json\/wp\/v2\/users\/1"}],"replies":[{"embeddable":true,"href":"https:\/\/www.tucomarca.com\/wordpress\/segunda\/wp-json\/wp\/v2\/comments?post=115081"}],"version-history":[{"count":0,"href":"https:\/\/www.tucomarca.com\/wordpress\/segunda\/wp-json\/wp\/v2\/posts\/115081\/revisions"}],"wp:featuredmedia":[{"embeddable":true,"href":"https:\/\/www.tucomarca.com\/wordpress\/segunda\/wp-json\/wp\/v2\/media\/101802"}],"wp:attachment":[{"href":"https:\/\/www.tucomarca.com\/wordpress\/segunda\/wp-json\/wp\/v2\/media?parent=115081"}],"wp:term":[{"taxonomy":"category","embeddable":true,"href":"https:\/\/www.tucomarca.com\/wordpress\/segunda\/wp-json\/wp\/v2\/categories?post=115081"},{"taxonomy":"post_tag","embeddable":true,"href":"https:\/\/www.tucomarca.com\/wordpress\/segunda\/wp-json\/wp\/v2\/tags?post=115081"}],"curies":[{"name":"wp","href":"https:\/\/api.w.org\/{rel}","templated":true}]}}