{"id":115138,"date":"2020-10-07T08:00:16","date_gmt":"2020-10-07T06:00:16","guid":{"rendered":"http:\/\/www.tucomarca.com\/wordpress\/segunda\/?p=115138"},"modified":"2020-10-07T10:09:42","modified_gmt":"2020-10-07T08:09:42","slug":"bunol-abre-el-plazo-de-presentacion-de-fotografias-para-el-iii-concurso-de-fotografia-barrio-san-rafael-2020","status":"publish","type":"post","link":"https:\/\/www.tucomarca.com\/wordpress\/segunda\/bunol-abre-el-plazo-de-presentacion-de-fotografias-para-el-iii-concurso-de-fotografia-barrio-san-rafael-2020\/","title":{"rendered":"Bu\u00f1ol abre el plazo de presentaci\u00f3n de fotograf\u00edas para el III Concurso de Fotograf\u00eda \u00abBarrio san Rafael\u00bb 2020"},"content":{"rendered":"\n<p>Los interesados en participar en este concurso pueden emitir por Registro de entrada del Ayuntamiento de Bu\u00f1ol sus obras in\u00e9ditas (hasta un total de 3 fotograf\u00edas por autor) hasta el 23 de octubre. Los premios que se otorgar\u00e1n van desde los 250\u20ac para el ganador, hasta los 100\u20ac para el Tercer Premio y Premio del P\u00fablico. La entrega de premios se har\u00e1 en acto p\u00fablico el 7 de noviembre con motivo de la inauguraci\u00f3n de la exposici\u00f3n de las fotograf\u00edas a concurso.<\/p>\n\n\n\n<p>Las bases de este concurso se encuentran en <a href=\"http:\/\/www.bunyol.es\">www.bunyol.es<\/a><\/p>\n","protected":false},"excerpt":{"rendered":"<div class=\"mh-excerpt\">Los interesados en participar en este concurso pueden emitir por Registro de entrada del Ayuntamiento de Bu\u00f1ol sus obras in\u00e9ditas (hasta un total de 3 fotograf\u00edas por autor) hasta el 23 de octubre. Los premios <a class=\"mh-excerpt-more\" href=\"https:\/\/www.tucomarca.com\/wordpress\/segunda\/bunol-abre-el-plazo-de-presentacion-de-fotografias-para-el-iii-concurso-de-fotografia-barrio-san-rafael-2020\/\" title=\"Bu\u00f1ol abre el plazo de presentaci\u00f3n de fotograf\u00edas para el III Concurso de Fotograf\u00eda \u00abBarrio san Rafael\u00bb 2020\">[+] <\/a><\/div>\n","protected":false},"author":12,"featured_media":115142,"comment_status":"open","ping_status":"open","sticky":false,"template":"","format":"standard","meta":{"footnotes":""},"categories":[4,18,8,10,7,3],"tags":[5335,12686,5952],"class_list":{"0":"post-115138","1":"post","2":"type-post","3":"status-publish","4":"format-standard","5":"has-post-thumbnail","7":"category-agenda","8":"category-bunol","9":"category-la-comarca","10":"category-la-hoya","11":"category-ocio-y-cultura","12":"category-seccion","13":"tag-ayuntamiento-de-bunol","14":"tag-iii-concurso-de-fotografia-barrio-san-rafael","15":"tag-la-hoya-de-bunol-chiva"},"_links":{"self":[{"href":"https:\/\/www.tucomarca.com\/wordpress\/segunda\/wp-json\/wp\/v2\/posts\/115138","targetHints":{"allow":["GET"]}}],"collection":[{"href":"https:\/\/www.tucomarca.com\/wordpress\/segunda\/wp-json\/wp\/v2\/posts"}],"about":[{"href":"https:\/\/www.tucomarca.com\/wordpress\/segunda\/wp-json\/wp\/v2\/types\/post"}],"author":[{"embeddable":true,"href":"https:\/\/www.tucomarca.com\/wordpress\/segunda\/wp-json\/wp\/v2\/users\/12"}],"replies":[{"embeddable":true,"href":"https:\/\/www.tucomarca.com\/wordpress\/segunda\/wp-json\/wp\/v2\/comments?post=115138"}],"version-history":[{"count":0,"href":"https:\/\/www.tucomarca.com\/wordpress\/segunda\/wp-json\/wp\/v2\/posts\/115138\/revisions"}],"wp:featuredmedia":[{"embeddable":true,"href":"https:\/\/www.tucomarca.com\/wordpress\/segunda\/wp-json\/wp\/v2\/media\/115142"}],"wp:attachment":[{"href":"https:\/\/www.tucomarca.com\/wordpress\/segunda\/wp-json\/wp\/v2\/media?parent=115138"}],"wp:term":[{"taxonomy":"category","embeddable":true,"href":"https:\/\/www.tucomarca.com\/wordpress\/segunda\/wp-json\/wp\/v2\/categories?post=115138"},{"taxonomy":"post_tag","embeddable":true,"href":"https:\/\/www.tucomarca.com\/wordpress\/segunda\/wp-json\/wp\/v2\/tags?post=115138"}],"curies":[{"name":"wp","href":"https:\/\/api.w.org\/{rel}","templated":true}]}}