{"id":115273,"date":"2020-10-07T20:55:52","date_gmt":"2020-10-07T18:55:52","guid":{"rendered":"http:\/\/www.tucomarca.com\/wordpress\/segunda\/?p=115273"},"modified":"2020-10-07T23:27:02","modified_gmt":"2020-10-07T21:27:02","slug":"ayuntamiento-de-riba-roja","status":"publish","type":"post","link":"https:\/\/www.tucomarca.com\/wordpress\/segunda\/ayuntamiento-de-riba-roja\/","title":{"rendered":"El gobierno de Riba-roja cree que la Cebera no es el espacio \u00abid\u00f3neo\u00bb para rotular una calle con el nombre de Guillem Agull\u00f3"},"content":{"rendered":"\n<p>Desde el equipo de gobierno de Riba-roja se ha emitido un comunicado desde el que quieren expresar \u00abvarias puntualizaciones en relaci\u00f3n a la moci\u00f3n presentada por l\u2019Esquerra de Riba-roja y Comprom\u00eds per Riba-roja en el \u00faltimo pleno ordinario para dedicar un espacio p\u00fablico o calle a Guillem Agull\u00f3\u00bb, seg\u00fan han manifestado.\u00a0<\/p>\n\n\n\n<p>\u201cEl equipo de gobierno de Riba-roja de T\u00faria comparte plenamente el fondo de la moci\u00f3n y su rechazo frontal a las actitudes fascistas en cualquiera de sus vertientes como as\u00ed ha demostrado a lo largo de su trayectoria. El compromiso con la libertad y la protecci\u00f3n de los derechos de las personas son un activo inquebrantable que defendemos de forma encomiable\u201d.\u00a0<\/p>\n\n\n\n<p>\u201cEl gobierno municipal present\u00f3 una enmienda a la citada moci\u00f3n en la que propon\u00eda crear una comisi\u00f3n formada por todos los partidos municipales en la que se decidir\u00eda el lugar id\u00f3neo en el municipio para dedicar al joven Guillem Agull\u00f3, un joven de Burjassot que en el a\u00f1o 1993 fue muerto a manos de un neonazi en Montanejos\u201d.\u00a0<\/p>\n\n\n\n<p>\u201cEl gobierno considera que la Cebera no es el espacio id\u00f3neo para que pase a ser conocido con el nombre de Guillem Agull\u00f3 ya que hist\u00f3ricamente se le conoce con su t\u00edtulo original entre la juventud como punto de encuentro. Por este motivo no aprobamos la literalidad de la moci\u00f3n presentada ya que los partidos proponentes se opusieron a buscar alternativas factibles\u201d.\u00a0<\/p>\n\n\n\n<p>\u201c4El gobierno local de Riba-roja es partidario de llegar a consensos desde el sosiego y la tranquilidad para elegir la mejor ubicaci\u00f3n que sirva de homenaje a Guillem Agull\u00f3, ya sea una plaza, una calle o un edificio p\u00fablico\u201d, han finalizado desde el consistorio.<br><\/p>\n","protected":false},"excerpt":{"rendered":"<div class=\"mh-excerpt\">Desde el equipo de gobierno de Riba-roja se ha emitido un comunicado desde el que quieren expresar \u00abvarias puntualizaciones en relaci\u00f3n a la moci\u00f3n presentada por l\u2019Esquerra de Riba-roja y Comprom\u00eds per Riba-roja en el <a class=\"mh-excerpt-more\" href=\"https:\/\/www.tucomarca.com\/wordpress\/segunda\/ayuntamiento-de-riba-roja\/\" title=\"El gobierno de Riba-roja cree que la Cebera no es el espacio \u00abid\u00f3neo\u00bb para rotular una calle con el nombre de Guillem Agull\u00f3\">[+] <\/a><\/div>\n","protected":false},"author":12,"featured_media":94816,"comment_status":"open","ping_status":"open","sticky":false,"template":"","format":"standard","meta":{"footnotes":""},"categories":[46,8,142,182,3],"tags":[10631,10395,12722],"class_list":{"0":"post-115273","1":"post","2":"type-post","3":"status-publish","4":"format-standard","5":"has-post-thumbnail","7":"category-camp-de-turia","8":"category-la-comarca","9":"category-politica-la-comarca","10":"category-riba-roja","11":"category-seccion","12":"tag-ajuntament-de-riba-roja","13":"tag-camp-de-turia","14":"tag-guillem-agullo"},"_links":{"self":[{"href":"https:\/\/www.tucomarca.com\/wordpress\/segunda\/wp-json\/wp\/v2\/posts\/115273","targetHints":{"allow":["GET"]}}],"collection":[{"href":"https:\/\/www.tucomarca.com\/wordpress\/segunda\/wp-json\/wp\/v2\/posts"}],"about":[{"href":"https:\/\/www.tucomarca.com\/wordpress\/segunda\/wp-json\/wp\/v2\/types\/post"}],"author":[{"embeddable":true,"href":"https:\/\/www.tucomarca.com\/wordpress\/segunda\/wp-json\/wp\/v2\/users\/12"}],"replies":[{"embeddable":true,"href":"https:\/\/www.tucomarca.com\/wordpress\/segunda\/wp-json\/wp\/v2\/comments?post=115273"}],"version-history":[{"count":0,"href":"https:\/\/www.tucomarca.com\/wordpress\/segunda\/wp-json\/wp\/v2\/posts\/115273\/revisions"}],"wp:featuredmedia":[{"embeddable":true,"href":"https:\/\/www.tucomarca.com\/wordpress\/segunda\/wp-json\/wp\/v2\/media\/94816"}],"wp:attachment":[{"href":"https:\/\/www.tucomarca.com\/wordpress\/segunda\/wp-json\/wp\/v2\/media?parent=115273"}],"wp:term":[{"taxonomy":"category","embeddable":true,"href":"https:\/\/www.tucomarca.com\/wordpress\/segunda\/wp-json\/wp\/v2\/categories?post=115273"},{"taxonomy":"post_tag","embeddable":true,"href":"https:\/\/www.tucomarca.com\/wordpress\/segunda\/wp-json\/wp\/v2\/tags?post=115273"}],"curies":[{"name":"wp","href":"https:\/\/api.w.org\/{rel}","templated":true}]}}