{"id":115431,"date":"2020-10-08T23:30:04","date_gmt":"2020-10-08T21:30:04","guid":{"rendered":"http:\/\/www.tucomarca.com\/wordpress\/segunda\/?p=115431"},"modified":"2020-10-09T13:19:26","modified_gmt":"2020-10-09T11:19:26","slug":"el-programa-bankia-escolta-valencia-impulsa-nuevas-iniciativas-adaptado-a-las-recomendaciones-sanitarias","status":"publish","type":"post","link":"https:\/\/www.tucomarca.com\/wordpress\/segunda\/el-programa-bankia-escolta-valencia-impulsa-nuevas-iniciativas-adaptado-a-las-recomendaciones-sanitarias\/","title":{"rendered":"El programa &#8216;Bankia escolta Valencia&#8217; impulsa nuevas iniciativas adaptado a las recomendaciones sanitarias"},"content":{"rendered":"\n<h4 class=\"wp-block-heading\"><strong>Impulsado por el IVC, la FSMCV y Bankia, mantiene el apoyo a proyectos programados para este a\u00f1o e impulsa nuevas iniciativas para adaptarse a situaci\u00f3n derivada de la pandemia&nbsp;<\/strong><\/h4>\n\n\n\n<h4 class=\"wp-block-heading\"><strong>Entre las novedades de este a\u00f1o destaca la campa\u00f1a &#8216;M\u00fasica a la llum &#8211; Conciertos en la Casa de la M\u00fasica&#8217;, un ciclo de 15 conciertos de grupos de peque\u00f1o formato<\/strong><\/h4>\n\n\n\n<p>El proyecto &#8216;Bankia escolta Valencia&#8217;, impulsado por la FSMCV y el Institut Valenci\u00e0 de Cultura con el apoyo de Bankia y dirigido a promocionar y apoyar la m\u00fasica en el territorio valenciano y al movimiento asociativo musical, continuar\u00e1 apoyando los proyectos programados para este a\u00f1o a pesar de las dificultades que presenta la situaci\u00f3n de emergencia sanitaria provocada por la COVID-19.&nbsp;<\/p>\n\n\n\n<p>Para ello, se adaptar\u00e1n a la nueva normalidad los proyectos programados para esta edici\u00f3n y se proponen nuevas iniciativas que permitan cumplir con las recomendaciones sanitarias para este tipo de actividades culturales.&nbsp;<\/p>\n\n\n\n<p>Una de las principales novedades de este a\u00f1o es la creaci\u00f3n de la campa\u00f1a &#8216;M\u00fasica a la llum &#8211; Conciertos en la Casa de la M\u00fasica&#8217;. Este nuevo proyecto consta de un ciclo de 15 conciertos de grupos de peque\u00f1o formato (grupos de c\u00e1mara, &#8216;big bands&#8217;, entre otros) pertenecientes a sociedades musicales federadas. Cada concierto estar\u00e1 dotado con 1.000 euros para cada sociedad musical participante y se celebrar\u00e1n en la Casa de la M\u00fasica &#8211; Alqueria Juli\u00e0, nueva sede de la Federaci\u00f3n de Sociedades musicales de la Comunitat Valenciana cedida por Bankia.&nbsp;<\/p>\n\n\n\n<p>Este nuevo proyecto tiene como finalidad estimular las formaciones de c\u00e1mara de las sociedades musicales, dotar de una programaci\u00f3n cultural estable a la &#8216;Casa de la M\u00fasica-Alqueria Juli\u00e0&#8217;, abrir esta nueva sede de la FSMCV a todas las sociedades musicales, as\u00ed como recuperar el patrimonio musical valenciano, entre otros.&nbsp;<\/p>\n\n\n\n<p>Tambi\u00e9n enmarcado en el programa &#8216;Bankia escolta Valencia&#8217;, el III Ciclo de Conciertos Bankia de Orquestas de las Sociedades Musicales continuar\u00e1 fomentando el tejido orquestal de estas entidades y acercando este tipo de repertorios a los municipios valencianos, impulsando as\u00ed su promoci\u00f3n cultural y tur\u00edstica. En los pr\u00f3ximos d\u00edas, la FSMCV pondr\u00e1 a disposici\u00f3n de sus sociedades musicales las bases para la participaci\u00f3n en esta campa\u00f1a, cuyos conciertos podr\u00e1n realizarse entre el 1 de noviembre de 2020 y el 31 de marzo de 2021.&nbsp;<\/p>\n\n\n\n<p>Las sociedades musicales participantes recibir\u00e1n por ello una ayuda econ\u00f3mica de 1.500 euros cada una. Por primera vez, y con el objetivo de asegurar el cumplimiento de las medidas de seguridad y sanitarias establecidas, se podr\u00e1 participar a trav\u00e9s de la modalidad &#8216;online&#8217;, y se realizar\u00e1 un concierto en &#8216;streaming&#8217;.&nbsp;<\/p>\n\n\n\n<p>Por su parte, el III Festival Bankia de Orquestas de la Comunitat Valenciana est\u00e1 previsto que se celebre el 5 de diciembre en el Teatre de la Uni\u00f3 Musical de Ll\u00edria, con la participaci\u00f3n de tres orquestas: Orquestra de la Societat Musical d&#8217;Alzira, Jove Orquestra Uni\u00f3 Musical de Benaguasil y Orquestra Simf\u00f2nica Uni\u00f3 Musical de Ll\u00edria.&nbsp;<\/p>\n\n\n\n<p>Marga Landete, directora adjunta de M\u00fasica y Cultura Popular del Institut Valenci\u00e0 de Cultura, ha explicado: \u00abEn este contexto de pandemia, desde el IVC hemos tenido muy claro desde el primer momento que quer\u00edamos conservar y continuar nuestra actividad dentro de la m\u00e1xima normalidad posible, y as\u00ed ha sido tambi\u00e9n en este proyecto que hacemos en colaboraci\u00f3n con la Federaci\u00f3n de Sociedades Musicales y con Bankia. Hemos tenido que hacer adaptaciones, pero lo importante es que contin\u00faa la actividad y queremos seguir fomentando y apoyando la pr\u00e1ctica de la m\u00fasica orquestal dentro de las sociedades musicales valencianas\u00bb.&nbsp;<\/p>\n\n\n\n<p>\u00abDe nuevo queremos reafirmar nuestro compromiso con &#8216;Bankia escolta Val\u00e8ncia&#8217; en un momento en el que es fundamental respaldar la importante labor de las sociedades musicales, as\u00ed como los valores que transmite nuestra m\u00fasica como eje vertebrador de nuestras tres provincias y, tambi\u00e9n, como aliento en estos tiempos dif\u00edciles\u00bb, ha asegurado el director corporativo de la Territorial de Bankia en Valencia y Castell\u00f3n, Jaime Casas.&nbsp;<\/p>\n\n\n\n<p>\u00abEl programa &#8216;Bankia escolta Valencia&#8217; supone un respaldo vital para nuestro colectivo, gracias al cual hemos conseguido impulsar proyectos de enorme impacto en nuestras sociedades musicales y, especialmente, en el tejido orquestal valenciano. Ahora, adapt\u00e1ndonos a esta nueva normalidad, demostramos nuevamente la capacidad de adaptaci\u00f3n de las sociedades musicales y nuestra apuesta firme por este tipo de proyectos culturales, tan necesarios en estos momentos\u00bb, ha explicado la presidenta de la FSMCV, Daniela Gonz\u00e1lez.<\/p>\n","protected":false},"excerpt":{"rendered":"<div class=\"mh-excerpt\">Impulsado por el IVC, la FSMCV y Bankia, mantiene el apoyo a proyectos programados para este a\u00f1o e impulsa nuevas iniciativas para adaptarse a situaci\u00f3n derivada de la pandemia&nbsp; Entre las novedades de este a\u00f1o <a class=\"mh-excerpt-more\" href=\"https:\/\/www.tucomarca.com\/wordpress\/segunda\/el-programa-bankia-escolta-valencia-impulsa-nuevas-iniciativas-adaptado-a-las-recomendaciones-sanitarias\/\" title=\"El programa &#8216;Bankia escolta Valencia&#8217; impulsa nuevas iniciativas adaptado a las recomendaciones sanitarias\">[+] <\/a><\/div>\n","protected":false},"author":12,"featured_media":115434,"comment_status":"open","ping_status":"open","sticky":false,"template":"","format":"standard","meta":{"footnotes":""},"categories":[69,172,46,66,8,72,42,47,7,3],"tags":[3677,12730],"class_list":{"0":"post-115431","1":"post","2":"type-post","3":"status-publish","4":"format-standard","5":"has-post-thumbnail","7":"category-alzira","8":"category-benaguasil","9":"category-camp-de-turia","10":"category-musica","11":"category-la-comarca","12":"category-sin-categorizar","13":"category-la-ribera","14":"category-lliria","15":"category-ocio-y-cultura","16":"category-seccion","17":"tag-diputacio-de-valencia","18":"tag-iii-festival-bankia-de-orquestas-de-la-comunitat-valenciana"},"_links":{"self":[{"href":"https:\/\/www.tucomarca.com\/wordpress\/segunda\/wp-json\/wp\/v2\/posts\/115431","targetHints":{"allow":["GET"]}}],"collection":[{"href":"https:\/\/www.tucomarca.com\/wordpress\/segunda\/wp-json\/wp\/v2\/posts"}],"about":[{"href":"https:\/\/www.tucomarca.com\/wordpress\/segunda\/wp-json\/wp\/v2\/types\/post"}],"author":[{"embeddable":true,"href":"https:\/\/www.tucomarca.com\/wordpress\/segunda\/wp-json\/wp\/v2\/users\/12"}],"replies":[{"embeddable":true,"href":"https:\/\/www.tucomarca.com\/wordpress\/segunda\/wp-json\/wp\/v2\/comments?post=115431"}],"version-history":[{"count":0,"href":"https:\/\/www.tucomarca.com\/wordpress\/segunda\/wp-json\/wp\/v2\/posts\/115431\/revisions"}],"wp:featuredmedia":[{"embeddable":true,"href":"https:\/\/www.tucomarca.com\/wordpress\/segunda\/wp-json\/wp\/v2\/media\/115434"}],"wp:attachment":[{"href":"https:\/\/www.tucomarca.com\/wordpress\/segunda\/wp-json\/wp\/v2\/media?parent=115431"}],"wp:term":[{"taxonomy":"category","embeddable":true,"href":"https:\/\/www.tucomarca.com\/wordpress\/segunda\/wp-json\/wp\/v2\/categories?post=115431"},{"taxonomy":"post_tag","embeddable":true,"href":"https:\/\/www.tucomarca.com\/wordpress\/segunda\/wp-json\/wp\/v2\/tags?post=115431"}],"curies":[{"name":"wp","href":"https:\/\/api.w.org\/{rel}","templated":true}]}}