{"id":115481,"date":"2020-10-08T23:45:37","date_gmt":"2020-10-08T21:45:37","guid":{"rendered":"http:\/\/www.tucomarca.com\/wordpress\/segunda\/?p=115481"},"modified":"2020-10-09T15:08:19","modified_gmt":"2020-10-09T13:08:19","slug":"la-conselleria-de-vivienda-y-el-ayuntamiento-de-algemesi-analizan-la-situacion-del-grupo-de-vivienda-publica-el-raval","status":"publish","type":"post","link":"https:\/\/www.tucomarca.com\/wordpress\/segunda\/la-conselleria-de-vivienda-y-el-ayuntamiento-de-algemesi-analizan-la-situacion-del-grupo-de-vivienda-publica-el-raval\/","title":{"rendered":"La Conselleria de Vivienda y el Ayuntamiento de Algemes\u00ed analizan la situaci\u00f3n del grupo de vivienda p\u00fablica El Raval"},"content":{"rendered":"\n<h4 class=\"wp-block-heading\"><strong>El secretario auton\u00f3mico de Vivienda y los directores generales de Emergencia Habitacional y EVha se re\u00fanen con la concejala de Pol\u00edticas Inclusivas&nbsp;<br>La Generalitat trabaja en la reparaci\u00f3n de nueve viviendas que adjudicar\u00e1 a familias con mayores necesidades habitacionales<\/strong><\/h4>\n\n\n\n<p>Representantes de la Vicepresidencia Segunda y Conselleria de Vivienda y Arquitectura Bioclim\u00e1tica y el Ayuntamiento de Algemes\u00ed se han reunido para analizar la situaci\u00f3n del municipio en materia de vivienda.&nbsp;<\/p>\n\n\n\n<p>El grupo de vivienda p\u00fablica El Raval ha sido uno de los principales puntos tratados en la reuni\u00f3n en la que han participado el secretario auton\u00f3mico de Vivienda, C\u00e9sar Jimenez, la directora general de Emergencia Habitacional, Pura Peris, el director general de la Entitat Valenciana d\u00b4Habitatge i S\u00f2l (EVha), Alberto Aznar y la concejala de Pol\u00edticas Inclusivas, Ana Girbes.&nbsp;<\/p>\n\n\n\n<p>Las dos administraciones est\u00e1n analizando las opciones para propiciar una mejora en el barrio y resolver la actual problem\u00e1tica social y de seguridad que ofrece el actual estado del inmueble, formado por un centenar de viviendas en muy mal estado.&nbsp;<\/p>\n\n\n\n<p>Por otra parte, en la actualidad la Generalitat trabaja en la reparaci\u00f3n de nueve viviendas p\u00fablicas que se adjudicar\u00e1n en alquiler social a familias con mayores necesidades habitacionales.&nbsp;<\/p>\n\n\n\n<p>De las nueve viviendas en reparaci\u00f3n, siete ya est\u00e1n asignadas pendientes de entrega nada m\u00e1s finalicen las obras, mientras que las dos restantes est\u00e1n en tr\u00e1mite de adjudicaci\u00f3n.&nbsp;<\/p>\n\n\n\n<p>Hay que destacar que, en la actual legislatura, la Conselleria ha adjudicado seis viviendas de promoci\u00f3n p\u00fablica en Algemes\u00ed, una de ellas a una v\u00edctima de violencia de g\u00e9nero y otra a una familia afectada por una ejecuci\u00f3n hipotecaria. Desde julio de 2015, las adjudicaciones ascienden a 23 (de ellas dos a v\u00edctimas de violencia de g\u00e9nero y cinco a ejecutados hipotecarios).&nbsp;<\/p>\n\n\n\n<p>En la reuni\u00f3n ha quedado patente el esfuerzo del Consell por mejorar las condiciones del parque p\u00fablico de viviendas ya que desde 2015 ha invertido 433.000 euros en actuaciones de mejora y reparaciones en Algemes\u00ed.&nbsp;<\/p>\n\n\n\n<p>Concretamente, se han destinado 372.000 euros a la reparaci\u00f3n de 12 pisos, m\u00e1s los otros nueve que est\u00e1n actualmente en ejecuci\u00f3n. Tambi\u00e9n se han invertido 61.000 euros a la atenci\u00f3n de reclamaciones en viviendas y elementos comunes.&nbsp;<\/p>\n\n\n\n<p><strong>98 viviendas del Banco Sabadell<\/strong><\/p>\n\n\n\n<p>Otro de los temas analizados en la reuni\u00f3n ha sido el de las 98 viviendas que la Vicepresidencia Segunda compr\u00f3 el pasado verano al Banco Sabadell mediante el derecho de tanteo y retracto y que pasan a ampliar el parque p\u00fablico de vivienda de la Generalitat en Algemes\u00ed.&nbsp;<\/p>\n\n\n\n<p>Esas viviendas forman parte de un paquete de 218 de la operaci\u00f3n de compra al Banco Sabadell que se enmarca en el Decreto ley aprobado por el Consell el pasado 5 de junio. En una visita reciente de Mart\u00ednez Dalmau a Algemes\u00ed, el conseller destac\u00f3 la inversi\u00f3n realizada en el municipio y que supera los 900.000 euros en materia de vivienda y en regeneraci\u00f3n urbana, la m\u00e1s alta entre los municipios de la comarca.&nbsp;<\/p>\n\n\n\n<p>En ese sentido, la directora general de Emergencia Habitacional, ha afirmado que esta adquisici\u00f3n de 98 viviendas a trav\u00e9s del ejercicio de tanteo y retracto \u00abconstituye uno de los elementos clave, junto con la compra directa por emergencia y el trabajo ingente que el equipo de EVha est\u00e1n llevando a cabo para mitigar la necesidad habitacional que venimos arrastrando desde hace d\u00e9cadas y que la pandemia COVID-19 ha agravado y para ampliar el parque p\u00fablico revertiendo al mismo viviendas en manos de fondos\u00bb.&nbsp;<\/p>\n\n\n\n<p>Asimismo, ha destacado \u00abla necesaria coordinaci\u00f3n y acci\u00f3n conjunta con los servicios sociales municipales para conseguir mayores y m\u00e1s eficientes resultados para nuestra ciudadan\u00eda y en ese camino estamos\u00bb, ha concluido Pura Peris.<\/p>\n","protected":false},"excerpt":{"rendered":"<div class=\"mh-excerpt\">El secretario auton\u00f3mico de Vivienda y los directores generales de Emergencia Habitacional y EVha se re\u00fanen con la concejala de Pol\u00edticas Inclusivas&nbsp;La Generalitat trabaja en la reparaci\u00f3n de nueve viviendas que adjudicar\u00e1 a familias con <a class=\"mh-excerpt-more\" href=\"https:\/\/www.tucomarca.com\/wordpress\/segunda\/la-conselleria-de-vivienda-y-el-ayuntamiento-de-algemesi-analizan-la-situacion-del-grupo-de-vivienda-publica-el-raval\/\" title=\"La Conselleria de Vivienda y el Ayuntamiento de Algemes\u00ed analizan la situaci\u00f3n del grupo de vivienda p\u00fablica El Raval\">[+] <\/a><\/div>\n","protected":false},"author":12,"featured_media":115486,"comment_status":"open","ping_status":"open","sticky":false,"template":"","format":"standard","meta":{"footnotes":""},"categories":[99,128,8,42,142,3],"tags":[3640],"class_list":{"0":"post-115481","1":"post","2":"type-post","3":"status-publish","4":"format-standard","5":"has-post-thumbnail","7":"category-algemesi","8":"category-infraestructuras","9":"category-la-comarca","10":"category-la-ribera","11":"category-politica-la-comarca","12":"category-seccion","13":"tag-la-ribera-alta"},"_links":{"self":[{"href":"https:\/\/www.tucomarca.com\/wordpress\/segunda\/wp-json\/wp\/v2\/posts\/115481","targetHints":{"allow":["GET"]}}],"collection":[{"href":"https:\/\/www.tucomarca.com\/wordpress\/segunda\/wp-json\/wp\/v2\/posts"}],"about":[{"href":"https:\/\/www.tucomarca.com\/wordpress\/segunda\/wp-json\/wp\/v2\/types\/post"}],"author":[{"embeddable":true,"href":"https:\/\/www.tucomarca.com\/wordpress\/segunda\/wp-json\/wp\/v2\/users\/12"}],"replies":[{"embeddable":true,"href":"https:\/\/www.tucomarca.com\/wordpress\/segunda\/wp-json\/wp\/v2\/comments?post=115481"}],"version-history":[{"count":0,"href":"https:\/\/www.tucomarca.com\/wordpress\/segunda\/wp-json\/wp\/v2\/posts\/115481\/revisions"}],"wp:featuredmedia":[{"embeddable":true,"href":"https:\/\/www.tucomarca.com\/wordpress\/segunda\/wp-json\/wp\/v2\/media\/115486"}],"wp:attachment":[{"href":"https:\/\/www.tucomarca.com\/wordpress\/segunda\/wp-json\/wp\/v2\/media?parent=115481"}],"wp:term":[{"taxonomy":"category","embeddable":true,"href":"https:\/\/www.tucomarca.com\/wordpress\/segunda\/wp-json\/wp\/v2\/categories?post=115481"},{"taxonomy":"post_tag","embeddable":true,"href":"https:\/\/www.tucomarca.com\/wordpress\/segunda\/wp-json\/wp\/v2\/tags?post=115481"}],"curies":[{"name":"wp","href":"https:\/\/api.w.org\/{rel}","templated":true}]}}