{"id":115600,"date":"2020-10-09T07:00:33","date_gmt":"2020-10-09T05:00:33","guid":{"rendered":"http:\/\/www.tucomarca.com\/wordpress\/segunda\/?p=115600"},"modified":"2020-10-10T01:23:07","modified_gmt":"2020-10-09T23:23:07","slug":"otono-cultural-llega-a-bunol-con-diversas-exposiciones-en-la-sala-del-oscurico","status":"publish","type":"post","link":"https:\/\/www.tucomarca.com\/wordpress\/segunda\/otono-cultural-llega-a-bunol-con-diversas-exposiciones-en-la-sala-del-oscurico\/","title":{"rendered":"Oto\u00f1o Cultural llega a Bu\u00f1ol con diversas exposiciones en la Sala del Oscurico"},"content":{"rendered":"\n<p>Este fin de semana se inaugura Oto\u00f1o Cultural, una iniciativa conjunta de la concejal\u00eda de Cultura y Turismo, en la que se realizar\u00e1n diversas exposiciones en la Sala del Oscurico del Castillo de Bu\u00f1ol, para fomentar el turismo cultural en la localidad y que durar\u00e1 hasta el mes de diciembre. <\/p>\n\n\n\n<p>Con esta iniciativa se pretende generar un atractivo a\u00f1adido para los visitantes de nuestro emblem\u00e1tico castillo a la vez que fomentar las actividades culturales para todos los habitantes de Bu\u00f1ol.&nbsp;<\/p>\n\n\n\n<p>Oto\u00f1o cultural comienza con la exposici\u00f3n de la artista francesa Sandrine Fontanel, Sinfon\u00edas Picturales que tiene la m\u00fasica como fuente de inspiraci\u00f3n, una exposici\u00f3n donde las notas se traducen en colores a ritmo de pinceladas y el sonido se hace visible.<\/p>\n\n\n\n<p>Con aforo limitado de 25 personas y cumpliendo todas las medias de sanidad podr\u00e9is disfrutarla todo el mes de octubre en el horario de la oficina turismo, de mi\u00e9rcoles a domingo de 10h a 14h.<\/p>\n","protected":false},"excerpt":{"rendered":"<div class=\"mh-excerpt\">Este fin de semana se inaugura Oto\u00f1o Cultural, una iniciativa conjunta de la concejal\u00eda de Cultura y Turismo, en la que se realizar\u00e1n diversas exposiciones en la Sala del Oscurico del Castillo de Bu\u00f1ol, para <a class=\"mh-excerpt-more\" href=\"https:\/\/www.tucomarca.com\/wordpress\/segunda\/otono-cultural-llega-a-bunol-con-diversas-exposiciones-en-la-sala-del-oscurico\/\" title=\"Oto\u00f1o Cultural llega a Bu\u00f1ol con diversas exposiciones en la Sala del Oscurico\">[+] <\/a><\/div>\n","protected":false},"author":12,"featured_media":115602,"comment_status":"open","ping_status":"open","sticky":false,"template":"","format":"standard","meta":{"footnotes":""},"categories":[4,18,8,10,92,3],"tags":[5335,5952,12743],"class_list":{"0":"post-115600","1":"post","2":"type-post","3":"status-publish","4":"format-standard","5":"has-post-thumbnail","7":"category-agenda","8":"category-bunol","9":"category-la-comarca","10":"category-la-hoya","11":"category-pintura","12":"category-seccion","13":"tag-ayuntamiento-de-bunol","14":"tag-la-hoya-de-bunol-chiva","15":"tag-otono-cultural"},"_links":{"self":[{"href":"https:\/\/www.tucomarca.com\/wordpress\/segunda\/wp-json\/wp\/v2\/posts\/115600","targetHints":{"allow":["GET"]}}],"collection":[{"href":"https:\/\/www.tucomarca.com\/wordpress\/segunda\/wp-json\/wp\/v2\/posts"}],"about":[{"href":"https:\/\/www.tucomarca.com\/wordpress\/segunda\/wp-json\/wp\/v2\/types\/post"}],"author":[{"embeddable":true,"href":"https:\/\/www.tucomarca.com\/wordpress\/segunda\/wp-json\/wp\/v2\/users\/12"}],"replies":[{"embeddable":true,"href":"https:\/\/www.tucomarca.com\/wordpress\/segunda\/wp-json\/wp\/v2\/comments?post=115600"}],"version-history":[{"count":0,"href":"https:\/\/www.tucomarca.com\/wordpress\/segunda\/wp-json\/wp\/v2\/posts\/115600\/revisions"}],"wp:featuredmedia":[{"embeddable":true,"href":"https:\/\/www.tucomarca.com\/wordpress\/segunda\/wp-json\/wp\/v2\/media\/115602"}],"wp:attachment":[{"href":"https:\/\/www.tucomarca.com\/wordpress\/segunda\/wp-json\/wp\/v2\/media?parent=115600"}],"wp:term":[{"taxonomy":"category","embeddable":true,"href":"https:\/\/www.tucomarca.com\/wordpress\/segunda\/wp-json\/wp\/v2\/categories?post=115600"},{"taxonomy":"post_tag","embeddable":true,"href":"https:\/\/www.tucomarca.com\/wordpress\/segunda\/wp-json\/wp\/v2\/tags?post=115600"}],"curies":[{"name":"wp","href":"https:\/\/api.w.org\/{rel}","templated":true}]}}