{"id":11562,"date":"2013-02-18T14:04:10","date_gmt":"2013-02-18T13:04:10","guid":{"rendered":"http:\/\/www.tucomarca.com\/wordpress\/segunda\/?p=11562"},"modified":"2013-02-18T14:04:10","modified_gmt":"2013-02-18T13:04:10","slug":"empiezan-a-montar-la-nueva-pieza-del-viaducto-de-contreras","status":"publish","type":"post","link":"https:\/\/www.tucomarca.com\/wordpress\/segunda\/empiezan-a-montar-la-nueva-pieza-del-viaducto-de-contreras\/","title":{"rendered":"Empiezan a montar la nueva pieza del viaducto de Contreras"},"content":{"rendered":"<p>Personal dependiente del Ministerio de Fomento ha empezado este viernes el montaje de la nueva pieza de acero del viaducto del Embalse Contreras en la A-3, una semana despu\u00e9s de que la rotura de la placa original obligase a cortar el tr\u00e1fico entre los kil\u00f3metros 242 y 255 y a desviarlo provisionalmente a trav\u00e9s de la N-III.<br \/>\nSeg\u00fan han explicado fuentes de la Delegaci\u00f3n del Gobierno, hay que encajar esa pieza en la celos\u00eda met\u00e1lica de esta infraestructura y soldarla, lo que supone \u00abun trabajo de varios d\u00edas\u00bb que \u00abdepende de las condiciones meteorol\u00f3gicas en la zona\u00bb.<br \/>\nAl respecto, recalcan que \u00abesto no significa que cuando se termine esta fase se pueda abrir ya el tr\u00e1fico\u00bb porque tambi\u00e9n han comenzado hoy los trabajos de inspecci\u00f3n del resto de uniones y soldaduras, para \u00abdescartar que esta rotura haya podido provocar otros da\u00f1os en la celos\u00eda\u00bb y, en definitiva, \u00abgarantizar la seguridad del puente\u00bb.<br \/>\nEsta nueva placa se ha fabricado en un taller especializado en Valencia con el acero corten adquirido en una f\u00e1brica de Barcelona.<br \/>\nEl viernes pasado se detect\u00f3 la rotura de una soldadura de la estructura de la celos\u00eda met\u00e1lica sobre la que se apoya el tablero de hormig\u00f3n por el que circulan los veh\u00edculos, en la zona m\u00e1s pr\u00f3xima al t\u00fanel en sentido Valencia, durante una de las habituales inspecciones visuales que se realizan cada 15 meses.<br \/>\nTras cortar el tr\u00e1fico en la zona afectada, se convoc\u00f3 a t\u00e9cnicos especialistas en estructuras met\u00e1licas y se encarg\u00f3 la maquinaria necesaria para inspeccionar el deterioro de esa placa met\u00e1lica, de seis metros y tres toneladas, que se sit\u00faa a unos 35 metros de altura sobre el embalse y a cuatro metros por debajo del tablero del puente.<\/p>\n<p>\u00abNO REQUIERE MANTENIMIENTO\u00bb<br \/>\nEl s\u00e1bado se hicieron los c\u00e1lculos del proyecto para sustituir la pieza y se encarg\u00f3 el acero corten necesario para construirla, elegido por la protecci\u00f3n frente a agentes atmosf\u00e9ricos que le reporta su oxidaci\u00f3n ya que, por tanto, \u00abno requiere mantenimiento\u00bb.<br \/>\nUn d\u00eda m\u00e1s tarde, comenzaron los trabajos para retirar la pieza deteriorada, consistentes en preparar una plataforma de apoyo para colocar las gr\u00faas necesarias que garanticen una plataforma segura para los trabajadores que han de cortar y bajar esa placa. Esos trabajos concluyeron este lunes y se procedi\u00f3 a preparar la superficie donde debe \u00abencajar perfectamente\u00bb la nueva pieza que ha comenzado a montarse este viernes, justo una semana despu\u00e9s.<br \/>\nLa placa de acero deteriorada se enviar\u00e1 a un laboratorio especializado para que analicen la soldadura y establezcan las posibles causas de la rotura.<\/p>\n","protected":false},"excerpt":{"rendered":"<div class=\"mh-excerpt\">Personal dependiente del Ministerio de Fomento ha empezado este viernes el montaje de la nueva pieza de acero del viaducto del Embalse Contreras en la A-3, una semana despu\u00e9s de que la rotura de la <a class=\"mh-excerpt-more\" href=\"https:\/\/www.tucomarca.com\/wordpress\/segunda\/empiezan-a-montar-la-nueva-pieza-del-viaducto-de-contreras\/\" title=\"Empiezan a montar la nueva pieza del viaducto de Contreras\">[+] <\/a><\/div>\n","protected":false},"author":2,"featured_media":0,"comment_status":"open","ping_status":"open","sticky":false,"template":"","format":"standard","meta":{"footnotes":""},"categories":[128,8,72,10,3],"tags":[686,685],"class_list":{"0":"post-11562","1":"post","2":"type-post","3":"status-publish","4":"format-standard","6":"category-infraestructuras","7":"category-la-comarca","8":"category-sin-categorizar","9":"category-la-hoya","10":"category-seccion","11":"tag-contreras","12":"tag-viaducto"},"_links":{"self":[{"href":"https:\/\/www.tucomarca.com\/wordpress\/segunda\/wp-json\/wp\/v2\/posts\/11562","targetHints":{"allow":["GET"]}}],"collection":[{"href":"https:\/\/www.tucomarca.com\/wordpress\/segunda\/wp-json\/wp\/v2\/posts"}],"about":[{"href":"https:\/\/www.tucomarca.com\/wordpress\/segunda\/wp-json\/wp\/v2\/types\/post"}],"author":[{"embeddable":true,"href":"https:\/\/www.tucomarca.com\/wordpress\/segunda\/wp-json\/wp\/v2\/users\/2"}],"replies":[{"embeddable":true,"href":"https:\/\/www.tucomarca.com\/wordpress\/segunda\/wp-json\/wp\/v2\/comments?post=11562"}],"version-history":[{"count":0,"href":"https:\/\/www.tucomarca.com\/wordpress\/segunda\/wp-json\/wp\/v2\/posts\/11562\/revisions"}],"wp:attachment":[{"href":"https:\/\/www.tucomarca.com\/wordpress\/segunda\/wp-json\/wp\/v2\/media?parent=11562"}],"wp:term":[{"taxonomy":"category","embeddable":true,"href":"https:\/\/www.tucomarca.com\/wordpress\/segunda\/wp-json\/wp\/v2\/categories?post=11562"},{"taxonomy":"post_tag","embeddable":true,"href":"https:\/\/www.tucomarca.com\/wordpress\/segunda\/wp-json\/wp\/v2\/tags?post=11562"}],"curies":[{"name":"wp","href":"https:\/\/api.w.org\/{rel}","templated":true}]}}