{"id":115690,"date":"2020-10-13T10:00:43","date_gmt":"2020-10-13T08:00:43","guid":{"rendered":"http:\/\/www.tucomarca.com\/wordpress\/segunda\/?p=115690"},"modified":"2020-10-13T16:52:28","modified_gmt":"2020-10-13T14:52:28","slug":"riba-roja-felicita-a-los-docentes-de-la-localidad-que-han-intervenido-en-la-puesta-en-marcha-del-nuevo-curso-escolar","status":"publish","type":"post","link":"https:\/\/www.tucomarca.com\/wordpress\/segunda\/riba-roja-felicita-a-los-docentes-de-la-localidad-que-han-intervenido-en-la-puesta-en-marcha-del-nuevo-curso-escolar\/","title":{"rendered":"Riba-roja felicita a los docentes de la localidad que han intervenido en la puesta en marcha del nuevo curso escolar"},"content":{"rendered":"\n<p><strong>El pleno reconoce su dedicaci\u00f3n en las tareas de adaptaci\u00f3n y preparaci\u00f3n<\/strong><\/p>\n\n\n\n<p>El Ayuntamiento de Riba-roja de T\u00faria ha aprobado una moci\u00f3n de felicitaci\u00f3n de la corporaci\u00f3n para todos los profesores de la localidad en las tareas de adaptaci\u00f3n a la pandemia, tanto en las labores realizadas desde el pasado mes de marzo como en las tareas de preparaci\u00f3n y adaptaci\u00f3n a la situaci\u00f3n sanitaria del nuevo curso escolar que e inici\u00f3 el pasado 7 de septiembre.&nbsp;<\/p>\n\n\n\n<p>La propuesta de reconocimiento ha contado con el respaldo de la totalidad de los grupos que forman parte del pleno municipal del Ayuntamiento de Riba-roja de T\u00faria. De esta forma, se ha aprobado con el voto a favor del PSPV, Partido Popular, Ciudadanos, Comprom\u00eds, l\u2019Esquerra, Podemos Riba-roja Puede y, por \u00faltimo, Vox, es decir, los siete que componen el m\u00e1ximo \u00f3rgano de representaci\u00f3n local.&nbsp;<\/p>\n\n\n\n<p>La felicitaci\u00f3n se hace extensible a los docentes, a los equipos directivos y a los claustros de profesores de los distintos centros educativos de Riba-roja de T\u00faria, en los que se incluyen l\u2019escola infantil, l\u2019escola d\u2019adults, los conservatorios profesionales de m\u00fasica y danza y los centros educativos de infantil y primaria y los centros de secundaria, bachillerato y ciclos formativos por el trabajo intenso que han desarrollado, as\u00ed como la dedicaci\u00f3n plena y por su estima hacia los alumnos y la profesi\u00f3n que ejercen.&nbsp; &nbsp;<\/p>\n\n\n\n<p>El texto aprobado por el pleno destaca que \u201csomos conscientes de que no han escatimado en tiempo ni en esfuerzos para hacer posible que el alumnado estuviera atendido de la mejor manera posible\u201d, sin olvidar que el inicio del presente curso escolar \u201cha supuesto un trabajo previo de organizaci\u00f3n por parte del colectivo docente que sin mucho tiempo y condicionado por la situaci\u00f3n sanitaria en la que nos hallamos han efectuado de forma ejemplar\u201d.&nbsp;<\/p>\n\n\n\n<p>La moci\u00f3n resalta \u201cla comunicaci\u00f3n y la coordinaci\u00f3n de las direcciones de los centros con la concejal\u00eda de Educaci\u00f3n, el equipo de gobierno y las diferentes \u00e1reas municipales; su actitud y disponibilidad para preparar el inicio del curso escolar del a\u00f1o 2020-2021 ha sido impecable\u201d.&nbsp;<\/p>\n\n\n\n<p>El pleno municipal agradece, a trav\u00e9s de la felicitaci\u00f3n aprobada por unanimidad, la colaboraci\u00f3n del sector educativo con los trabajadores del Ayuntamiento de Riba-roja de T\u00faria \u201ctanto en la preparaci\u00f3n del inicio del nuevo curso 2020-2021 como en el curso 2019-20\u201d y el traslado de la felicitaci\u00f3n a los claustros de los diferentes centros educativos existentes en esta localidad.&nbsp;<\/p>\n\n\n\n<p>Cabe recordar que el Ayuntamiento de Riba-roja de T\u00faria consensu\u00f3 con los centros educativos de la localidad todas las medidas necesarias para que este curso escolar no se vea afectado por la propagaci\u00f3n del coronavirus entre los escolares. As\u00ed, de esta forma, se repartieron 3.500 mascarillas protectoras se efectuar\u00e1 entre los centros educativos de infantil, primaria, secundaria, bachillerato y los ciclos formativos.&nbsp;<\/p>\n\n\n\n<p>Durante este curso escolar tambi\u00e9n se han reforzado las tareas de limpieza y desinfecci\u00f3n que se ven\u00edan realizando ya desde hace meses al aumentar en una persona m\u00e1s para cada centro educativo que se encargan, habitualmente, de estas tareas en las \u00e1reas y espacios comunes, adem\u00e1s del dise\u00f1o de rutas de acceso seguras a todos los centros educativos de Riba-roja de T\u00faria. Adem\u00e1s, se han habilitado \u00e1reas de espera en los propios centros para asegurar las distancias sociales y se realiza una desinfecci\u00f3n diaria de los patios escolares y el mobiliario infantil y los propios accesos a los edificios.&nbsp;<\/p>\n\n\n\n<p>El alcalde de Riba-roja de T\u00faria, Robert Raga, ha destacado \u201cel enorme esfuerzo y la dedicaci\u00f3n de los docentes desde el inicio de la pandemia con la organizaci\u00f3n de las clases como ahora con la vuelta a los centros educativos, y por ello es necesario visibilizar y agradecer esa labor para que las clases acad\u00e9micas se puedan desarrollar de la mejor manera posible dentro de las restricciones que hay que adoptar\u201d. &nbsp;<br><\/p>\n","protected":false},"excerpt":{"rendered":"<div class=\"mh-excerpt\">El pleno reconoce su dedicaci\u00f3n en las tareas de adaptaci\u00f3n y preparaci\u00f3n El Ayuntamiento de Riba-roja de T\u00faria ha aprobado una moci\u00f3n de felicitaci\u00f3n de la corporaci\u00f3n para todos los profesores de la localidad en <a class=\"mh-excerpt-more\" href=\"https:\/\/www.tucomarca.com\/wordpress\/segunda\/riba-roja-felicita-a-los-docentes-de-la-localidad-que-han-intervenido-en-la-puesta-en-marcha-del-nuevo-curso-escolar\/\" title=\"Riba-roja felicita a los docentes de la localidad que han intervenido en la puesta en marcha del nuevo curso escolar\">[+] <\/a><\/div>\n","protected":false},"author":12,"featured_media":115692,"comment_status":"open","ping_status":"open","sticky":false,"template":"","format":"standard","meta":{"footnotes":""},"categories":[46,119,12201,128,8,142,182,3],"tags":[10631,10395,11937,11938],"class_list":{"0":"post-115690","1":"post","2":"type-post","3":"status-publish","4":"format-standard","5":"has-post-thumbnail","7":"category-camp-de-turia","8":"category-sanidad-la-comarca","9":"category-covid-19","10":"category-infraestructuras","11":"category-la-comarca","12":"category-politica-la-comarca","13":"category-riba-roja","14":"category-seccion","15":"tag-ajuntament-de-riba-roja","16":"tag-camp-de-turia","17":"tag-coronavirus","18":"tag-covid-19"},"_links":{"self":[{"href":"https:\/\/www.tucomarca.com\/wordpress\/segunda\/wp-json\/wp\/v2\/posts\/115690","targetHints":{"allow":["GET"]}}],"collection":[{"href":"https:\/\/www.tucomarca.com\/wordpress\/segunda\/wp-json\/wp\/v2\/posts"}],"about":[{"href":"https:\/\/www.tucomarca.com\/wordpress\/segunda\/wp-json\/wp\/v2\/types\/post"}],"author":[{"embeddable":true,"href":"https:\/\/www.tucomarca.com\/wordpress\/segunda\/wp-json\/wp\/v2\/users\/12"}],"replies":[{"embeddable":true,"href":"https:\/\/www.tucomarca.com\/wordpress\/segunda\/wp-json\/wp\/v2\/comments?post=115690"}],"version-history":[{"count":0,"href":"https:\/\/www.tucomarca.com\/wordpress\/segunda\/wp-json\/wp\/v2\/posts\/115690\/revisions"}],"wp:featuredmedia":[{"embeddable":true,"href":"https:\/\/www.tucomarca.com\/wordpress\/segunda\/wp-json\/wp\/v2\/media\/115692"}],"wp:attachment":[{"href":"https:\/\/www.tucomarca.com\/wordpress\/segunda\/wp-json\/wp\/v2\/media?parent=115690"}],"wp:term":[{"taxonomy":"category","embeddable":true,"href":"https:\/\/www.tucomarca.com\/wordpress\/segunda\/wp-json\/wp\/v2\/categories?post=115690"},{"taxonomy":"post_tag","embeddable":true,"href":"https:\/\/www.tucomarca.com\/wordpress\/segunda\/wp-json\/wp\/v2\/tags?post=115690"}],"curies":[{"name":"wp","href":"https:\/\/api.w.org\/{rel}","templated":true}]}}