{"id":115701,"date":"2020-10-13T14:00:30","date_gmt":"2020-10-13T12:00:30","guid":{"rendered":"http:\/\/www.tucomarca.com\/wordpress\/segunda\/?p=115701"},"modified":"2020-10-13T16:49:21","modified_gmt":"2020-10-13T14:49:21","slug":"la-union-de-uniones-propondra-al-ministerio-de-agricultura-medidas-para-eliminar-los-excedentes-vinicos","status":"publish","type":"post","link":"https:\/\/www.tucomarca.com\/wordpress\/segunda\/la-union-de-uniones-propondra-al-ministerio-de-agricultura-medidas-para-eliminar-los-excedentes-vinicos\/","title":{"rendered":"La Uni\u00f3n de Uniones propondr\u00e1 al Ministerio de Agricultura medidas para eliminar los excedentes v\u00ednicos"},"content":{"rendered":"\n<h4 class=\"wp-block-heading\"><strong>Los stocks de vino acumulados han hundido las cotizaciones en las comarcas productoras de la Comunidad Valenciana<\/strong><\/h4>\n\n\n\n<p>La organizaci\u00f3n agraria Uni\u00f3n de Uniones de Agricultores y Ganaderos, en la que est\u00e1 integrada la Uni\u00f3 de Llauradors pedir\u00e1 al Ministerio de Agricultura que adopte medidas para eliminar excedentes de producci\u00f3n vin\u00edcola que \u201chan producido el hundimiento de las cotizaciones de las uvas y de los vinos\u201d, seg\u00fan explic\u00f3 Luis Javier Navarro representante de las dos organizaciones agrarias y viticultor con vi\u00f1edos en la comarca Requena-Utiel.<\/p>\n\n\n\n<p>Navarro avanz\u00f3 que \u201cdesde la Uni\u00f3n de Uniones, hemos pedido una reuni\u00f3n con el Ministro de Agricultura,&nbsp; Luis Planas, para buscar una soluci\u00f3n al problema de los excedentes v\u00ednicos que est\u00e1n lastrando los mercados\u201c.<\/p>\n\n\n\n<p>El dirigente agrario calific\u00f3 de \u201cruina\u201d los precios que se est\u00e1n pagando por las uvas y&nbsp; los vinos en las comarcas vin\u00edcolas de la Comunidad Valenciana. Concretamente \u201centre un 25 y un 30%&nbsp; inferiores comparados con los que se pagaron en la pasada campa\u00f1a\u201d concret\u00f3.<\/p>\n\n\n\n<p>Por otra parte, Navarro coment\u00f3 que, \u201clos precios de la almendra contin\u00faan hundidos, aunque han iniciado una peque\u00f1a recuperaci\u00f3n\u201d. En este sentido precis\u00f3 que \u201cla almendra de la variedad largueta se cotiza en torno a 1.20 euros por kilogramo con c\u00e1scara,&nbsp; muy distante de los m\u00e1s de 2 euros a los que se lleg\u00f3 a cotizar en una campa\u00f1as pasadas; pero recientes\u201c. Informa, <strong>Luis Ib\u00e1\u00f1ez<\/strong>.<\/p>\n","protected":false},"excerpt":{"rendered":"<div class=\"mh-excerpt\">Los stocks de vino acumulados han hundido las cotizaciones en las comarcas productoras de la Comunidad Valenciana La organizaci\u00f3n agraria Uni\u00f3n de Uniones de Agricultores y Ganaderos, en la que est\u00e1 integrada la Uni\u00f3 de <a class=\"mh-excerpt-more\" href=\"https:\/\/www.tucomarca.com\/wordpress\/segunda\/la-union-de-uniones-propondra-al-ministerio-de-agricultura-medidas-para-eliminar-los-excedentes-vinicos\/\" title=\"La Uni\u00f3n de Uniones propondr\u00e1 al Ministerio de Agricultura medidas para eliminar los excedentes v\u00ednicos\">[+] <\/a><\/div>\n","protected":false},"author":1,"featured_media":115697,"comment_status":"open","ping_status":"open","sticky":false,"template":"","format":"standard","meta":{"footnotes":""},"categories":[169,112,236,113,37,138,139,8,111,28,27,140,3,235,29,234,120],"tags":[85,10387],"class_list":{"0":"post-115701","1":"post","2":"type-post","3":"status-publish","4":"format-standard","5":"has-post-thumbnail","7":"category-agricultura-la-comarca","8":"category-campo-arcis","9":"category-camporrobles","10":"category-vinos","11":"category-caudete","12":"category-chera","13":"category-fuenterrobles","14":"category-la-comarca","15":"category-las-cuevas","16":"category-requena","17":"category-requena-utiel","18":"category-san-antonio","19":"category-seccion","20":"category-sinarcas","21":"category-utiel","22":"category-venta-del-moro","23":"category-villargordo-del-cabriel","24":"tag-agricultura","25":"tag-requena-utiel"},"_links":{"self":[{"href":"https:\/\/www.tucomarca.com\/wordpress\/segunda\/wp-json\/wp\/v2\/posts\/115701","targetHints":{"allow":["GET"]}}],"collection":[{"href":"https:\/\/www.tucomarca.com\/wordpress\/segunda\/wp-json\/wp\/v2\/posts"}],"about":[{"href":"https:\/\/www.tucomarca.com\/wordpress\/segunda\/wp-json\/wp\/v2\/types\/post"}],"author":[{"embeddable":true,"href":"https:\/\/www.tucomarca.com\/wordpress\/segunda\/wp-json\/wp\/v2\/users\/1"}],"replies":[{"embeddable":true,"href":"https:\/\/www.tucomarca.com\/wordpress\/segunda\/wp-json\/wp\/v2\/comments?post=115701"}],"version-history":[{"count":0,"href":"https:\/\/www.tucomarca.com\/wordpress\/segunda\/wp-json\/wp\/v2\/posts\/115701\/revisions"}],"wp:featuredmedia":[{"embeddable":true,"href":"https:\/\/www.tucomarca.com\/wordpress\/segunda\/wp-json\/wp\/v2\/media\/115697"}],"wp:attachment":[{"href":"https:\/\/www.tucomarca.com\/wordpress\/segunda\/wp-json\/wp\/v2\/media?parent=115701"}],"wp:term":[{"taxonomy":"category","embeddable":true,"href":"https:\/\/www.tucomarca.com\/wordpress\/segunda\/wp-json\/wp\/v2\/categories?post=115701"},{"taxonomy":"post_tag","embeddable":true,"href":"https:\/\/www.tucomarca.com\/wordpress\/segunda\/wp-json\/wp\/v2\/tags?post=115701"}],"curies":[{"name":"wp","href":"https:\/\/api.w.org\/{rel}","templated":true}]}}