{"id":115934,"date":"2020-10-15T08:03:04","date_gmt":"2020-10-15T06:03:04","guid":{"rendered":"http:\/\/www.tucomarca.com\/wordpress\/segunda\/?p=115934"},"modified":"2020-10-15T11:04:45","modified_gmt":"2020-10-15T09:04:45","slug":"diputacio-y-generalitat-colaboran-en-proyectos-emprendedores-y-en-desarrollo-rural","status":"publish","type":"post","link":"https:\/\/www.tucomarca.com\/wordpress\/segunda\/diputacio-y-generalitat-colaboran-en-proyectos-emprendedores-y-en-desarrollo-rural\/","title":{"rendered":"Diputaci\u00f3 y Generalitat colaboran en proyectos emprendedores y en desarrollo rural"},"content":{"rendered":"\n<p>El diputado de Desarrollo Rural y Pol\u00edticas contra la Despoblaci\u00f3n, Ramiro Rivera, se ha reunido con la directora general de Emprendimiento y Cooperativismo de la Generalitat Valenciana, Teresa Garc\u00eda, con el objetivo de fomentar l\u00edneas de colaboraci\u00f3n entre la Diputaci\u00f3 de Val\u00e8ncia y la Generalitat para luchar contra la despoblaci\u00f3n en el territorio valenciano.<\/p>\n\n\n\n<p>En la reuni\u00f3n, en la que tambi\u00e9n han participado t\u00e9cnicos de la Unidad de Cohesi\u00f3n Territorial y Proyectos Europeos de la Diputaci\u00f3 de Val\u00e8ncia y del Servicio de Desarrollo Local de Divalterra, se han abordado posibles l\u00edneas de colaboraci\u00f3n entre ambas instituciones para fomentar acciones emprendedoras en el territorio de la provincia de Valencia, con el apoyo de la Red de Agencias de Desarrollo Local (ADL) que la Diputaci\u00f3 coordina a trav\u00e9s de su empresa p\u00fablica Divalterra.<\/p>\n\n\n\n<p>Ambos responsables han destacado el papel primordial de las ADL en el desarrollo socioecon\u00f3mico de los municipios rurales, as\u00ed como la necesidad de coordinar acciones t\u00e9cnicas de apoyo que permitan a las ADL locales identificar proyectos emprendedores en su territorio que contribuyan a la creaci\u00f3n de riqueza y empleo a trav\u00e9s de la triple visi\u00f3n de car\u00e1cter sostenible, social e innovador.<\/p>\n\n\n\n<p>Tras esa labor de prospecci\u00f3n de proyectos a nivel local, de la que se encargan los ADL, ambas administraciones han puesto de manifiesto su voluntad de dotar al colectivo de t\u00e9cnicos en desarrollo local de medios de apoyo en su labor de identificaci\u00f3n y acompa\u00f1amiento inicial de los proyectos emprendedores, derivando hacia asesoramientos especializados de otros agentes del ecosistema emprendedor de la Comunitat Valenciana aquellas cuestiones o materias que requieran de una monitorizaci\u00f3n avanzada.<\/p>\n\n\n\n<p><strong>Coordinaci\u00f3n de ADLs a trav\u00e9s de Divalterra<\/strong><\/p>\n\n\n\n<p>Hasta 163 entidades locales, entre ayuntamientos y mancomunidades, est\u00e1n adheridas a la iniciativa de Divalterra <a href=\"https:\/\/www.divaladl.es\/\">Xarxa ADL<\/a>, que coordina las Agencias de Desarrollo Local (ADL).&nbsp;<\/p>\n\n\n\n<p>As\u00ed, a trav\u00e9s del servicio de Desarrollo Local de la empresa p\u00fablica, se ofrece a los ADL una serie de herramientas de gesti\u00f3n para registrar y hacer un seguimiento de los asesoramientos efectuados a empresas, emprendedores y asociaciones.<\/p>\n\n\n\n<p>Asimismo, tambi\u00e9n se pueden confeccionar planes de viabilidad econ\u00f3mico-financiera, gestionar ofertas y demandas de empleo o acceder a datos estad\u00edsticos socioecon\u00f3micos a escala local, a trav\u00e9s del portal&nbsp;<a href=\"https:\/\/www.divaladl.es\/es\/inicio\/index\">www.divaladl.es<\/a>&nbsp;y su intranet de gesti\u00f3n.<\/p>\n\n\n\n<p>De este modo, se fomenta el trabajo en red de las Agencias de Desarrollo Local, manteni\u00e9ndolas informadas mediante boletines sobre ayudas, subvenciones, jornadas y estudios relacionados con el desarrollo local, as\u00ed como a trav\u00e9s de acciones presenciales de formaci\u00f3n espec\u00edfica.<br><\/p>\n","protected":false},"excerpt":{"rendered":"<div class=\"mh-excerpt\">El diputado de Desarrollo Rural y Pol\u00edticas contra la Despoblaci\u00f3n, Ramiro Rivera, se ha reunido con la directora general de Emprendimiento y Cooperativismo de la Generalitat Valenciana, Teresa Garc\u00eda, con el objetivo de fomentar l\u00edneas <a class=\"mh-excerpt-more\" href=\"https:\/\/www.tucomarca.com\/wordpress\/segunda\/diputacio-y-generalitat-colaboran-en-proyectos-emprendedores-y-en-desarrollo-rural\/\" title=\"Diputaci\u00f3 y Generalitat colaboran en proyectos emprendedores y en desarrollo rural\">[+] <\/a><\/div>\n","protected":false},"author":1,"featured_media":115935,"comment_status":"open","ping_status":"open","sticky":false,"template":"","format":"standard","meta":{"footnotes":""},"categories":[49,38,128,8,72,59,142,27,3,116,45],"tags":[6181,3677],"class_list":{"0":"post-115934","1":"post","2":"type-post","3":"status-publish","4":"format-standard","5":"has-post-thumbnail","7":"category-ademuz","8":"category-ayora-cofrentes","9":"category-infraestructuras","10":"category-la-comarca","11":"category-sin-categorizar","12":"category-los-serranos","13":"category-politica-la-comarca","14":"category-requena-utiel","15":"category-seccion","16":"category-sucesos-la-comarca","17":"category-ventana","18":"tag-despoblacion","19":"tag-diputacio-de-valencia"},"_links":{"self":[{"href":"https:\/\/www.tucomarca.com\/wordpress\/segunda\/wp-json\/wp\/v2\/posts\/115934","targetHints":{"allow":["GET"]}}],"collection":[{"href":"https:\/\/www.tucomarca.com\/wordpress\/segunda\/wp-json\/wp\/v2\/posts"}],"about":[{"href":"https:\/\/www.tucomarca.com\/wordpress\/segunda\/wp-json\/wp\/v2\/types\/post"}],"author":[{"embeddable":true,"href":"https:\/\/www.tucomarca.com\/wordpress\/segunda\/wp-json\/wp\/v2\/users\/1"}],"replies":[{"embeddable":true,"href":"https:\/\/www.tucomarca.com\/wordpress\/segunda\/wp-json\/wp\/v2\/comments?post=115934"}],"version-history":[{"count":0,"href":"https:\/\/www.tucomarca.com\/wordpress\/segunda\/wp-json\/wp\/v2\/posts\/115934\/revisions"}],"wp:featuredmedia":[{"embeddable":true,"href":"https:\/\/www.tucomarca.com\/wordpress\/segunda\/wp-json\/wp\/v2\/media\/115935"}],"wp:attachment":[{"href":"https:\/\/www.tucomarca.com\/wordpress\/segunda\/wp-json\/wp\/v2\/media?parent=115934"}],"wp:term":[{"taxonomy":"category","embeddable":true,"href":"https:\/\/www.tucomarca.com\/wordpress\/segunda\/wp-json\/wp\/v2\/categories?post=115934"},{"taxonomy":"post_tag","embeddable":true,"href":"https:\/\/www.tucomarca.com\/wordpress\/segunda\/wp-json\/wp\/v2\/tags?post=115934"}],"curies":[{"name":"wp","href":"https:\/\/api.w.org\/{rel}","templated":true}]}}