{"id":115940,"date":"2020-10-15T08:28:55","date_gmt":"2020-10-15T06:28:55","guid":{"rendered":"http:\/\/www.tucomarca.com\/wordpress\/segunda\/?p=115940"},"modified":"2020-10-15T11:34:02","modified_gmt":"2020-10-15T09:34:02","slug":"un-millar-de-personas-visita-la-exposicion-de-la-diputacio-sobre-el-9-doctubre-el-primer-fin-de-semana","status":"publish","type":"post","link":"https:\/\/www.tucomarca.com\/wordpress\/segunda\/un-millar-de-personas-visita-la-exposicion-de-la-diputacio-sobre-el-9-doctubre-el-primer-fin-de-semana\/","title":{"rendered":"Un millar de personas visita la exposici\u00f3n de la Diputaci\u00f3 sobre el 9 d\u2019Octubre el primer fin de semana"},"content":{"rendered":"\n<p>La exposici\u00f3n \u2018La festa del 9 d\u2019Octubre\u2019 de la Diputaci\u00f3 de Val\u00e8ncia ha recibido la visita de un millar de personas durante el fin de semana de apertura en el Sal\u00f3n de Respecte de la corporaci\u00f3n provincial. La muestra fotogr\u00e1fica, que incluye una reproducci\u00f3n del retablo del Centenar de la Ploma, obra maestra del g\u00f3tico valenciano, permanecer\u00e1 abierta los fines de semana de octubre y noviembre de 10 a 14 y de 17 a 20 horas, con acceso gratuito.&nbsp;<\/p>\n\n\n\n<p>\u2018La festa del 9 d\u2019Octubre\u2019 abri\u00f3 sus puertas en el Palacio dels Scala de plaza Manises el pasado viernes, D\u00eda de la Comunitat Valenciana, y desde entonces y hasta el lunes 12, D\u00eda de la Hispanidad, cerca de mil personas se han interesado por el recorrido fotogr\u00e1fico por la historia de la conquista de Val\u00e8ncia y su celebraci\u00f3n, con im\u00e1genes de Luis Vidal, Jos\u00e9 Aleixandre y Manuel Molines, entre otros.<\/p>\n\n\n\n<p>La Diputaci\u00f3 recoge en im\u00e1genes las distintas caras de la fiesta en d\u00e9cadas de convulsi\u00f3n social. La Real Senyera conservada en la Casa de la Ciudad; la muixeranga a las puertas del ayuntamiento en v\u00edsperas de la Guerra Civil; el Bar\u00f3n de C\u00e1rcer portando la espada de Jaime I en los actos de 1939; falangistas encabezando la procesi\u00f3n de 1945; las manifestaciones pro Estatut de 1977; y la presencia policial en los a\u00f1os 80 tras la agresi\u00f3n al alcalde Ricard P\u00e9rez Casado en las celebraciones del 79.<\/p>\n\n\n\n<p>Un trayecto repleto de emociones y recuerdos que incluye an\u00e9cdotas como la procesi\u00f3n c\u00edvica pasada por agua del 94 y el Senyera-m\u00f3vil con capuch\u00f3n impermeable; y tambi\u00e9n los actos m\u00e1s recientes, como la entrega de las Altas Distinciones de la Generalitat de 2018, con la presencia del presidente del Gobierno Pedro S\u00e1nchez. Un paseo por la \u2018festa\u2019 del 9 d\u2019Octubre que desemboca en el Retablo del Centenar de la Ploma, la pieza clave de la exposici\u00f3n.<\/p>\n\n\n\n<p><strong>La obra maestra del g\u00f3tico valenciano<\/strong><\/p>\n\n\n\n<p>El Retablo del Centenar de la Ploma o de Sant Jordi es la obra maestra del g\u00f3tico internacional valenciano. Una composici\u00f3n pict\u00f3rica de 6,60 por 5,50 metros que en la actualidad se conserva en el Victoria &amp; Albert Museum de Londres y cuya predela (parte inferior) se encuentra temporalmente en el Museo de Bellas Artes de Val\u00e8ncia en proceso de investigaci\u00f3n y restauraci\u00f3n.&nbsp;<\/p>\n\n\n\n<p>La Diputaci\u00f3 exhibe en su exposici\u00f3n sobre el 9 d\u2019Octubre una reproducci\u00f3n de 4,6 por 3,5 metros de esta obra atribuida a Miquel Alcany\u00eds y Mar\u00e7al de Sax y probablemente otros pintores establecidos en Val\u00e8ncia a inicios del siglo XV, que en origen ocup\u00f3 las paredes de la Capilla del Centenar de la Ploma, seg\u00fan unos autores, o la Iglesia de Sant Jordi, seg\u00fan otros, antes de ser vendida y abandonar la ciudad.<\/p>\n\n\n\n<p>Esta obra cumbre del g\u00f3tico valenciano representa en su calle central una de las escenas fundamentales de la Batalla de El Puig, que abri\u00f3 las puertas de la conquista de Val\u00e8ncia. Sant Jordi se convierte en protagonista en su lucha contra el drag\u00f3n, met\u00e1fora de la permanente contienda entre el bien y el mal. Y en la parte superior, la coronaci\u00f3n de la Mare de D\u00e9u por debajo de Cristo sentado en majestad.<\/p>\n\n\n\n<p>Las calles laterales del retablo recogen distintas escenas de la leyenda del santo y su martirio, coronadas por los evangelistas, mientras que en las entrecalles hay espacio para profetas y ap\u00f3stoles. Una pieza clave, por su calidad art\u00edstica y su simbolismo, en la historia del pueblo valenciano.&nbsp;<\/p>\n\n\n\n<p>Los fragmentos fotogr\u00e1ficos de ocho siglos de historia del pueblo valenciano quedan a disposici\u00f3n de la ciudadan\u00eda, con entrada gratuita en la sede central de la Diputaci\u00f3 en plaza Manises, a partir de este fin de semana en horario de 10 a 14 y de 17 a 20 horas.&nbsp; &nbsp;<\/p>\n","protected":false},"excerpt":{"rendered":"<div class=\"mh-excerpt\">La exposici\u00f3n \u2018La festa del 9 d\u2019Octubre\u2019 de la Diputaci\u00f3 de Val\u00e8ncia ha recibido la visita de un millar de personas durante el fin de semana de apertura en el Sal\u00f3n de Respecte de la <a class=\"mh-excerpt-more\" href=\"https:\/\/www.tucomarca.com\/wordpress\/segunda\/un-millar-de-personas-visita-la-exposicion-de-la-diputacio-sobre-el-9-doctubre-el-primer-fin-de-semana\/\" title=\"Un millar de personas visita la exposici\u00f3n de la Diputaci\u00f3 sobre el 9 d\u2019Octubre el primer fin de semana\">[+] <\/a><\/div>\n","protected":false},"author":1,"featured_media":115941,"comment_status":"open","ping_status":"open","sticky":false,"template":"","format":"standard","meta":{"footnotes":""},"categories":[4,8,72,7,3,45],"tags":[5944,451,3677,443],"class_list":{"0":"post-115940","1":"post","2":"type-post","3":"status-publish","4":"format-standard","5":"has-post-thumbnail","7":"category-agenda","8":"category-la-comarca","9":"category-sin-categorizar","10":"category-ocio-y-cultura","11":"category-seccion","12":"category-ventana","13":"tag-9-doctubre","14":"tag-9-de-octubre","15":"tag-diputacio-de-valencia","16":"tag-exposicion"},"_links":{"self":[{"href":"https:\/\/www.tucomarca.com\/wordpress\/segunda\/wp-json\/wp\/v2\/posts\/115940","targetHints":{"allow":["GET"]}}],"collection":[{"href":"https:\/\/www.tucomarca.com\/wordpress\/segunda\/wp-json\/wp\/v2\/posts"}],"about":[{"href":"https:\/\/www.tucomarca.com\/wordpress\/segunda\/wp-json\/wp\/v2\/types\/post"}],"author":[{"embeddable":true,"href":"https:\/\/www.tucomarca.com\/wordpress\/segunda\/wp-json\/wp\/v2\/users\/1"}],"replies":[{"embeddable":true,"href":"https:\/\/www.tucomarca.com\/wordpress\/segunda\/wp-json\/wp\/v2\/comments?post=115940"}],"version-history":[{"count":0,"href":"https:\/\/www.tucomarca.com\/wordpress\/segunda\/wp-json\/wp\/v2\/posts\/115940\/revisions"}],"wp:featuredmedia":[{"embeddable":true,"href":"https:\/\/www.tucomarca.com\/wordpress\/segunda\/wp-json\/wp\/v2\/media\/115941"}],"wp:attachment":[{"href":"https:\/\/www.tucomarca.com\/wordpress\/segunda\/wp-json\/wp\/v2\/media?parent=115940"}],"wp:term":[{"taxonomy":"category","embeddable":true,"href":"https:\/\/www.tucomarca.com\/wordpress\/segunda\/wp-json\/wp\/v2\/categories?post=115940"},{"taxonomy":"post_tag","embeddable":true,"href":"https:\/\/www.tucomarca.com\/wordpress\/segunda\/wp-json\/wp\/v2\/tags?post=115940"}],"curies":[{"name":"wp","href":"https:\/\/api.w.org\/{rel}","templated":true}]}}