{"id":115957,"date":"2020-10-15T11:00:55","date_gmt":"2020-10-15T09:00:55","guid":{"rendered":"http:\/\/www.tucomarca.com\/wordpress\/segunda\/?p=115957"},"modified":"2020-10-15T13:33:58","modified_gmt":"2020-10-15T11:33:58","slug":"el-departamento-de-salud-de-manises-reactiva-la-atencion-medica-en-todos-sus-centros-de-atencion-primaria","status":"publish","type":"post","link":"https:\/\/www.tucomarca.com\/wordpress\/segunda\/el-departamento-de-salud-de-manises-reactiva-la-atencion-medica-en-todos-sus-centros-de-atencion-primaria\/","title":{"rendered":"El Departamento de Salud de Manises reactiva la atenci\u00f3n m\u00e9dica en todos sus centros de Atenci\u00f3n Primaria"},"content":{"rendered":"\n<p><strong>Los centros de salud del \u00e1rea reanudan su actividad desde hoy 15 de octubre<\/strong><\/p>\n\n\n\n<p><strong>Los centros de Alborache, Macastre, Godelleta, Loriguilla y Y\u00e1tova ya ofrecen consulta de enfermer\u00eda con cita previa desde el mes de agosto<\/strong><\/p>\n\n\n\n<p><strong>Todos los centros del Departamento de Salud de Manises est\u00e1n cubiertos en la actualidad con los recursos asistenciales y profesionales adecuados para ofrecer una asistencia segura y de calidad a toda la poblaci\u00f3n<\/strong><\/p>\n\n\n\n<p>El Departamento de Salud de Manises ha reactivado las consultas m\u00e9dicas en todos sus centros de Atenci\u00f3n Primaria, tal y como se comunic\u00f3 a todos los alcaldes del \u00c1rea en las reuniones mantenidas en el mes de junio donde se les present\u00f3 el Plan de Desescalada del Departamento. De este modo, a partir del puente de octubre se retomar\u00e1 la atenci\u00f3n m\u00e9dica en aquellos consistorios que, debido a la pandemia, hab\u00edan visto reducidos sus servicios.<\/p>\n\n\n\n<p>\u201cTal y como hicimos saber a los m\u00e1ximos representantes municipales de las poblaciones en nuestro departamento, tras el descanso vacacional de los equipos m\u00e9dicos durante el verano y a pesar de la carencia de profesionales sanitarios que afecta a todas las \u00e1reas, nosotros s\u00ed estamos en condiciones de reactivar las consultas m\u00e9dicas al disponer de efectivos asistenciales adecuados y mientras la situaci\u00f3n epidemiol\u00f3gica lo permita\u201d ha se\u00f1alado el Dr. Ricardo Trujillo, gerente del Departamento de Salud de Manises.&nbsp;<\/p>\n\n\n\n<p>Centros como los de Alborache, Macastre, Godelleta, Loriguilla o Y\u00e0tova, ya estaban ofreciendo, desde el mes de agosto, consultas de enfermer\u00eda con cita previa. A este servicio, se suma ahora el de las consultas de Medicina propias de cada centro sanitario.&nbsp;<\/p>\n\n\n\n<p>Desde el Departamento han se\u00f1alado adem\u00e1s que los centros sanitarios que reinician esta actividad cumplen con las medidas necesarias para garantizar la seguridad de pacientes y facultativos, adem\u00e1s, de con los recursos asistenciales y profesionales adecuados para ofrecer una asistencia de calidad a toda la poblaci\u00f3n.&nbsp;<\/p>\n\n\n\n<p>Aunque los centros sanitarios permanecer\u00e1n abiertos, las recomendaciones de la Conselleria de Sanitat y Salud P\u00fablica siguen siendo las mismas: llamar previamente para evitar traslados innecesarios al centro sanitario, para lo que se puede tambi\u00e9n utilizar los <a href=\"https:\/\/www.hospitalmanises.es\/cambia-tu-cita\/consulta-con-tu-centro-de-salud\/\">formularios web<\/a> habilitados en la p\u00e1gina del Hospital de Manises ya que las consultas se concertar\u00e1n con cita previa.<\/p>\n","protected":false},"excerpt":{"rendered":"<div class=\"mh-excerpt\">Los centros de salud del \u00e1rea reanudan su actividad desde hoy 15 de octubre Los centros de Alborache, Macastre, Godelleta, Loriguilla y Y\u00e1tova ya ofrecen consulta de enfermer\u00eda con cita previa desde el mes de <a class=\"mh-excerpt-more\" href=\"https:\/\/www.tucomarca.com\/wordpress\/segunda\/el-departamento-de-salud-de-manises-reactiva-la-atencion-medica-en-todos-sus-centros-de-atencion-primaria\/\" title=\"El Departamento de Salud de Manises reactiva la atenci\u00f3n m\u00e9dica en todos sus centros de Atenci\u00f3n Primaria\">[+] <\/a><\/div>\n","protected":false},"author":12,"featured_media":111056,"comment_status":"open","ping_status":"open","sticky":false,"template":"","format":"standard","meta":{"footnotes":""},"categories":[19,46,119,12201,14,128,8,10,178,13,182,3,45,11],"tags":[10386,10395,11937,11938,10383,5952,10434,10382,10380],"class_list":{"0":"post-115957","1":"post","2":"type-post","3":"status-publish","4":"format-standard","5":"has-post-thumbnail","7":"category-alborache","8":"category-camp-de-turia","9":"category-sanidad-la-comarca","10":"category-covid-19","11":"category-godelleta","12":"category-infraestructuras","13":"category-la-comarca","14":"category-la-hoya","15":"category-loriguilla","16":"category-macastre","17":"category-riba-roja","18":"category-seccion","19":"category-ventana","20":"category-yatova","21":"tag-alborache","22":"tag-camp-de-turia","23":"tag-coronavirus","24":"tag-covid-19","25":"tag-godelleta","26":"tag-la-hoya-de-bunol-chiva","27":"tag-loriguilla","28":"tag-macastre","29":"tag-yatova"},"_links":{"self":[{"href":"https:\/\/www.tucomarca.com\/wordpress\/segunda\/wp-json\/wp\/v2\/posts\/115957","targetHints":{"allow":["GET"]}}],"collection":[{"href":"https:\/\/www.tucomarca.com\/wordpress\/segunda\/wp-json\/wp\/v2\/posts"}],"about":[{"href":"https:\/\/www.tucomarca.com\/wordpress\/segunda\/wp-json\/wp\/v2\/types\/post"}],"author":[{"embeddable":true,"href":"https:\/\/www.tucomarca.com\/wordpress\/segunda\/wp-json\/wp\/v2\/users\/12"}],"replies":[{"embeddable":true,"href":"https:\/\/www.tucomarca.com\/wordpress\/segunda\/wp-json\/wp\/v2\/comments?post=115957"}],"version-history":[{"count":0,"href":"https:\/\/www.tucomarca.com\/wordpress\/segunda\/wp-json\/wp\/v2\/posts\/115957\/revisions"}],"wp:featuredmedia":[{"embeddable":true,"href":"https:\/\/www.tucomarca.com\/wordpress\/segunda\/wp-json\/wp\/v2\/media\/111056"}],"wp:attachment":[{"href":"https:\/\/www.tucomarca.com\/wordpress\/segunda\/wp-json\/wp\/v2\/media?parent=115957"}],"wp:term":[{"taxonomy":"category","embeddable":true,"href":"https:\/\/www.tucomarca.com\/wordpress\/segunda\/wp-json\/wp\/v2\/categories?post=115957"},{"taxonomy":"post_tag","embeddable":true,"href":"https:\/\/www.tucomarca.com\/wordpress\/segunda\/wp-json\/wp\/v2\/tags?post=115957"}],"curies":[{"name":"wp","href":"https:\/\/api.w.org\/{rel}","templated":true}]}}