{"id":116046,"date":"2020-10-15T17:05:46","date_gmt":"2020-10-15T15:05:46","guid":{"rendered":"http:\/\/www.tucomarca.com\/wordpress\/segunda\/?p=116046"},"modified":"2020-10-15T21:09:02","modified_gmt":"2020-10-15T19:09:02","slug":"la-biblioteca-de-leliana-hace-un-llamamiento-para-ilustrar-el-calendario-municipal-2021","status":"publish","type":"post","link":"https:\/\/www.tucomarca.com\/wordpress\/segunda\/la-biblioteca-de-leliana-hace-un-llamamiento-para-ilustrar-el-calendario-municipal-2021\/","title":{"rendered":"La Biblioteca de L\u2019Eliana hace un llamamiento para ilustrar el Calendario Municipal 2021"},"content":{"rendered":"\n<h4 class=\"wp-block-heading\"><strong>El edificio ser\u00e1 el protagonista del almanaque en el a\u00f1o que cumple medio siglo de historia.<\/strong><\/h4>\n\n\n\n<p>El pr\u00f3ximo a\u00f1o 2021, el edificio de la Biblioteca P\u00fablica Municipal cumplir\u00e1 50 a\u00f1os y, para celebrarlo, las im\u00e1genes de su evoluci\u00f3n ser\u00e1n las protagonistas del Calendario Municipal. La antigua Casa de la Cultura, que acoge actualmente tambi\u00e9n las instalaciones de R\u00e0dio T\u00faria y el Espai Jove, sufrir\u00e1 en 2021 la mayor transformaci\u00f3n de su historia gracias al proyecto aprobado por el Ayuntamiento para la ampliaci\u00f3n y modernizando de sus instalaciones.&nbsp;<\/p>\n\n\n\n<p>Las mejoras incluir\u00e1n una bebeteca, unas renovadas \u00e1reas de infantil y juvenil y, adem\u00e1s, contar\u00e1 con diferentes puntos de acceso libre a ordenadores. La Sala de Estudio tendr\u00e1 un jard\u00edn superior y se situar\u00e1 en una nueva planta independiente con el objetivo de permanecer abierta todo el a\u00f1o. Se dotar\u00e1 de un nuevo Espai Jove que reformar\u00e1 el sal\u00f3n de actos y se crear\u00e1n diferentes espacios para la realizaci\u00f3n de cursos y talleres, y que se sumar\u00e1n a la sala de descanso creada el a\u00f1o pasado.<\/p>\n\n\n\n<p>Con todo, el almanaque 2021 buscar\u00e1 ser un reflejo de lo que el edificio ha sido hasta este a\u00f1o y de los vecinos y vecinas que han pasado por \u00e9l a lo largo de este medio siglo a trav\u00e9s de fotograf\u00edas de los momentos de estudio, de los diferentes talleres de dibujo, pintura, m\u00fasica o de las fiestas de fin de curso.<\/p>\n\n\n\n<p>Para ello, la ciudadan\u00eda que quiera participar puede enviar sus im\u00e1genes antiguas escaneadas por correo electr\u00f3nico a <a href=\"mailto:biblioteca@leliana.es\">biblioteca@leliana.es<\/a> o llevarlas presencialmente para realizar una reproducci\u00f3n digitalizada y posteriormente devueltas. De todas las fotograf\u00edas recibidas se realizar\u00e1 una selecci\u00f3n para el calendario y con el resto, se crear\u00e1 un \u00e1lbum conmemorativo que se publicar\u00e1 en la web municipal.<\/p>\n\n\n\n<p>El concejal de Biblioteca, Jorge P\u00e9rez Comeche, ha invitado a elianeros y elianeras a buscar entre sus recuerdos fotograf\u00edas hist\u00f3ricas que procuren un testimonio gr\u00e1fico para el calendario anual \u201c<em>de un emblem\u00e1tico edificio que pronto lucir\u00e1 renovado<\/em>\u201d.<\/p>\n","protected":false},"excerpt":{"rendered":"<div class=\"mh-excerpt\">El edificio ser\u00e1 el protagonista del almanaque en el a\u00f1o que cumple medio siglo de historia. El pr\u00f3ximo a\u00f1o 2021, el edificio de la Biblioteca P\u00fablica Municipal cumplir\u00e1 50 a\u00f1os y, para celebrarlo, las im\u00e1genes <a class=\"mh-excerpt-more\" href=\"https:\/\/www.tucomarca.com\/wordpress\/segunda\/la-biblioteca-de-leliana-hace-un-llamamiento-para-ilustrar-el-calendario-municipal-2021\/\" title=\"La Biblioteca de L\u2019Eliana hace un llamamiento para ilustrar el Calendario Municipal 2021\">[+] <\/a><\/div>\n","protected":false},"author":12,"featured_media":116048,"comment_status":"open","ping_status":"open","sticky":false,"template":"","format":"standard","meta":{"footnotes":""},"categories":[46,128,177,8,7,92,3],"tags":[10535,10395],"class_list":{"0":"post-116046","1":"post","2":"type-post","3":"status-publish","4":"format-standard","5":"has-post-thumbnail","7":"category-camp-de-turia","8":"category-infraestructuras","9":"category-leliana","10":"category-la-comarca","11":"category-ocio-y-cultura","12":"category-pintura","13":"category-seccion","14":"tag-ajuntament-de-leliana","15":"tag-camp-de-turia"},"_links":{"self":[{"href":"https:\/\/www.tucomarca.com\/wordpress\/segunda\/wp-json\/wp\/v2\/posts\/116046","targetHints":{"allow":["GET"]}}],"collection":[{"href":"https:\/\/www.tucomarca.com\/wordpress\/segunda\/wp-json\/wp\/v2\/posts"}],"about":[{"href":"https:\/\/www.tucomarca.com\/wordpress\/segunda\/wp-json\/wp\/v2\/types\/post"}],"author":[{"embeddable":true,"href":"https:\/\/www.tucomarca.com\/wordpress\/segunda\/wp-json\/wp\/v2\/users\/12"}],"replies":[{"embeddable":true,"href":"https:\/\/www.tucomarca.com\/wordpress\/segunda\/wp-json\/wp\/v2\/comments?post=116046"}],"version-history":[{"count":0,"href":"https:\/\/www.tucomarca.com\/wordpress\/segunda\/wp-json\/wp\/v2\/posts\/116046\/revisions"}],"wp:featuredmedia":[{"embeddable":true,"href":"https:\/\/www.tucomarca.com\/wordpress\/segunda\/wp-json\/wp\/v2\/media\/116048"}],"wp:attachment":[{"href":"https:\/\/www.tucomarca.com\/wordpress\/segunda\/wp-json\/wp\/v2\/media?parent=116046"}],"wp:term":[{"taxonomy":"category","embeddable":true,"href":"https:\/\/www.tucomarca.com\/wordpress\/segunda\/wp-json\/wp\/v2\/categories?post=116046"},{"taxonomy":"post_tag","embeddable":true,"href":"https:\/\/www.tucomarca.com\/wordpress\/segunda\/wp-json\/wp\/v2\/tags?post=116046"}],"curies":[{"name":"wp","href":"https:\/\/api.w.org\/{rel}","templated":true}]}}