{"id":116120,"date":"2020-10-16T11:00:54","date_gmt":"2020-10-16T09:00:54","guid":{"rendered":"http:\/\/www.tucomarca.com\/wordpress\/segunda\/?p=116120"},"modified":"2020-10-16T19:34:52","modified_gmt":"2020-10-16T17:34:52","slug":"leliana-organiza-la-iv-semana-de-las-letras","status":"publish","type":"post","link":"https:\/\/www.tucomarca.com\/wordpress\/segunda\/leliana-organiza-la-iv-semana-de-las-letras\/","title":{"rendered":"L&#8217;Eliana organiza la IV Semana de las Letras"},"content":{"rendered":"\n<h4 class=\"wp-block-heading\"><strong>Del 19 al 24 de octubre esta edici\u00f3n se centrar\u00e1 en el papel de la mujer como protagonista y escritora<\/strong><\/h4>\n\n\n\n<p>La Semana de las Letras Vila del l\u2019Eliana se celebrar\u00e1 en su cuarta edici\u00f3n del 19 al 24 de octubre. El programa arrancar\u00e1 el lunes, a las 19 horas, con el D\u00eda de las Escritoras y la lectura de textos de mujeres seleccionadas por la Biblioteca Nacional. El acto, titulado \u2018El esfuerzo cotidiano de las mujeres\u2019 tendr\u00e1 lugar en la Sala Multiusos del Centro de Formaci\u00f3n de Personas Adultas (EPA) y estar\u00e1 conducido por la poetisa elianera Pura Peris.&nbsp;<\/p>\n\n\n\n<p>La semana continuar\u00e1 el jueves 22 con la mesa redonda \u2018Novelas policiacas: las mujeres protagonistas\u2019 y contar\u00e1 con la participaci\u00f3n de Juanjo Braulio, escritor y periodista, y del escritor Salva Alemany. El evento, que se celebrar\u00e1 tambi\u00e9n a las 19 horas en la Sala Multiusos de la EPA, estar\u00e1 presentado por la presidenta del Club de Lectura de l\u2019Eliana, Lorena Barroso.<\/p>\n\n\n\n<p>El viernes el Auditorio Municipal acoger\u00e1 el homenaje-conferencia a la escritora Alicia Gim\u00e9nez Bartlett, pionera en aportar una perspectiva femenina y feminista a la novela polic\u00edaca espa\u00f1ola. Y es que en sus obras las mujeres no son las v\u00edctimas, ayudantes o esposas, sino las verdaderas protagonistas, mientras su eterno acompa\u00f1ante es un subalterno. Una mujer, Petra Delicado, casada en tres ocasiones, ad\u00faltera, y que no quiere tener hijos, acaba rompiendo con muchos estereotipos tradicionales de feminidad. El acto, que iniciar\u00e1 a las 19 horas, contar\u00e1 con la presencia de la escritora y Directora General de Cultura, Carmen Amoraga, y del escritor elianero y cr\u00edtico de cine, Pedro Uris. Estar\u00e1 presentado y moderado por el tambi\u00e9n elianero y cr\u00edtico literario Lluis Andr\u00e9s.&nbsp;<\/p>\n\n\n\n<p>Para concluir la Semana de las Letras 2020 l\u2019Eliana conmemorar\u00e1 el D\u00eda Internacional de las Bibliotecas que se celebrar\u00e1 el s\u00e1bado 24 de octubre.<\/p>\n\n\n\n<p>El aforo a todos los actos es limitado, la entrada es gratuita y con invitaci\u00f3n a trav\u00e9s de la web <a href=\"http:\/\/www.elientrada.es\">www.elientrada.es<\/a> y se aconseja los participantes adelantar su llegada para evitar aglomeraciones en los accesos a los eventos.<\/p>\n\n\n\n<p>La edil de Cultura, Eva Santaf\u00e9, ha animado a la ciudadan\u00eda a participar de esta nueva edici\u00f3n en la que el Ayuntamiento quiere poner en valor la figura femenina como escritora y tambi\u00e9n como protagonista de todos los g\u00e9neros literarios, \u201c<em>rompiendo estereotipos y otorg\u00e1ndoles a sus creaciones el verdadero lugar que merecen<\/em>\u201d.<\/p>\n","protected":false},"excerpt":{"rendered":"<div class=\"mh-excerpt\">Del 19 al 24 de octubre esta edici\u00f3n se centrar\u00e1 en el papel de la mujer como protagonista y escritora La Semana de las Letras Vila del l\u2019Eliana se celebrar\u00e1 en su cuarta edici\u00f3n del <a class=\"mh-excerpt-more\" href=\"https:\/\/www.tucomarca.com\/wordpress\/segunda\/leliana-organiza-la-iv-semana-de-las-letras\/\" title=\"L&#8217;Eliana organiza la IV Semana de las Letras\">[+] <\/a><\/div>\n","protected":false},"author":12,"featured_media":116123,"comment_status":"open","ping_status":"open","sticky":false,"template":"","format":"standard","meta":{"footnotes":""},"categories":[4,46,177,8,7,3],"tags":[10535,10395,12817],"class_list":{"0":"post-116120","1":"post","2":"type-post","3":"status-publish","4":"format-standard","5":"has-post-thumbnail","7":"category-agenda","8":"category-camp-de-turia","9":"category-leliana","10":"category-la-comarca","11":"category-ocio-y-cultura","12":"category-seccion","13":"tag-ajuntament-de-leliana","14":"tag-camp-de-turia","15":"tag-iv-setmana-de-les-lletres"},"_links":{"self":[{"href":"https:\/\/www.tucomarca.com\/wordpress\/segunda\/wp-json\/wp\/v2\/posts\/116120","targetHints":{"allow":["GET"]}}],"collection":[{"href":"https:\/\/www.tucomarca.com\/wordpress\/segunda\/wp-json\/wp\/v2\/posts"}],"about":[{"href":"https:\/\/www.tucomarca.com\/wordpress\/segunda\/wp-json\/wp\/v2\/types\/post"}],"author":[{"embeddable":true,"href":"https:\/\/www.tucomarca.com\/wordpress\/segunda\/wp-json\/wp\/v2\/users\/12"}],"replies":[{"embeddable":true,"href":"https:\/\/www.tucomarca.com\/wordpress\/segunda\/wp-json\/wp\/v2\/comments?post=116120"}],"version-history":[{"count":0,"href":"https:\/\/www.tucomarca.com\/wordpress\/segunda\/wp-json\/wp\/v2\/posts\/116120\/revisions"}],"wp:featuredmedia":[{"embeddable":true,"href":"https:\/\/www.tucomarca.com\/wordpress\/segunda\/wp-json\/wp\/v2\/media\/116123"}],"wp:attachment":[{"href":"https:\/\/www.tucomarca.com\/wordpress\/segunda\/wp-json\/wp\/v2\/media?parent=116120"}],"wp:term":[{"taxonomy":"category","embeddable":true,"href":"https:\/\/www.tucomarca.com\/wordpress\/segunda\/wp-json\/wp\/v2\/categories?post=116120"},{"taxonomy":"post_tag","embeddable":true,"href":"https:\/\/www.tucomarca.com\/wordpress\/segunda\/wp-json\/wp\/v2\/tags?post=116120"}],"curies":[{"name":"wp","href":"https:\/\/api.w.org\/{rel}","templated":true}]}}