{"id":116410,"date":"2020-10-19T19:05:23","date_gmt":"2020-10-19T17:05:23","guid":{"rendered":"http:\/\/www.tucomarca.com\/wordpress\/segunda\/?p=116410"},"modified":"2020-10-19T20:11:01","modified_gmt":"2020-10-19T18:11:01","slug":"utiel-se-ilumina-de-rosa-en-el-dia-mundial-del-cancer-de-mama","status":"publish","type":"post","link":"https:\/\/www.tucomarca.com\/wordpress\/segunda\/utiel-se-ilumina-de-rosa-en-el-dia-mundial-del-cancer-de-mama\/","title":{"rendered":"Utiel se ilumina de rosa en el D\u00eda Mundial del C\u00e1ncer de Mama"},"content":{"rendered":"\n<h4 class=\"wp-block-heading\">La fachada del Ayuntamiento se ti\u00f1e de color rosa como muestra de apoyo a las mujeres que padecen esta enfermedad<\/h4>\n\n\n\n<p>El Ayuntamiento de Utiel se suma a la campa\u00f1a \u201cSaca Pecho por Ellas\u201d que pone en marcha la Asociaci\u00f3n Espa\u00f1ola de Lucha contra el C\u00e1ncer (AECC) y hoy ilumina su fachada de rosa como muestra de apoyo a todas las mujeres que padecen c\u00e1ncer de mama.<\/p>\n\n\n\n<p>Con ello, el consistorio utielano participa en uno de los actos m\u00e1s emblem\u00e1ticos que se vienen celebrando cada 19 de Octubre con motivo del D\u00eda Mundial Contra el C\u00e1ncer de Mama: La iluminaci\u00f3n de color rosa de edificios de diferentes instituciones en todo el mundo.<\/p>\n\n\n\n<p><strong>C\u00e1ncer de Mama, el tumor m\u00e1s frecuente en mujeres<\/strong><\/p>\n\n\n\n<p>El c\u00e1ncer de mama es el tumor m\u00e1s frecuente en las mujeres occidentales. En concreto, en Espa\u00f1a se diagnostican alrededor de 33.307 nuevos c\u00e1nceres de mama al a\u00f1o.<\/p>\n\n\n\n<p>La AECC&nbsp;dispone de una serie de servicios y programas para la atenci\u00f3n integral de las personas con c\u00e1ncer de mama:<\/p>\n\n\n\n<ul class=\"wp-block-list\"><li>Informaci\u00f3n:&nbsp;porque el c\u00e1ncer de mama es una enfermedad grave, pero se puede curar si se detecta a tiempo y la falta de informaci\u00f3n es la principal fuente de miedo y ansiedad (preguntas m\u00e1s frecuentes,&nbsp;&nbsp;c\u00e1ncer de mama en im\u00e1genes y la reconstrucci\u00f3n,&nbsp;gu\u00eda de c\u00e1ncer de mama)<\/li><li>Apoyo y acompa\u00f1amiento: atenci\u00f3n psicol\u00f3gica,&nbsp;atenci\u00f3n social&nbsp;y&nbsp;acompa\u00f1amiento.&nbsp;Te ofrecemos adem\u00e1s asesoramiento sobre cuidados est\u00e9ticos (ver v\u00eddeo)<\/li><li>Investigaci\u00f3n, porque es lo \u00fanico que a largo plazo curar\u00e1 el c\u00e1ncer de mama.<\/li><\/ul>\n\n\n\n<p>El Ayuntamiento de Utiel y la Junta Local contra el C\u00e1ncer de Utiel <em>sacan pecho<\/em> por todas las personas que han apoyado la lucha contra el c\u00e1ncer de mama y que han conseguido que el 90% de quienes lo padecen sigan adelante.&nbsp; La investigaci\u00f3n cient\u00edfica, la prevenci\u00f3n y la detecci\u00f3n precoz son fundamentales para ganarle la batalla al c\u00e1ncer.<\/p>\n","protected":false},"excerpt":{"rendered":"<div class=\"mh-excerpt\">La fachada del Ayuntamiento se ti\u00f1e de color rosa como muestra de apoyo a las mujeres que padecen esta enfermedad El Ayuntamiento de Utiel se suma a la campa\u00f1a \u201cSaca Pecho por Ellas\u201d que pone <a class=\"mh-excerpt-more\" href=\"https:\/\/www.tucomarca.com\/wordpress\/segunda\/utiel-se-ilumina-de-rosa-en-el-dia-mundial-del-cancer-de-mama\/\" title=\"Utiel se ilumina de rosa en el D\u00eda Mundial del C\u00e1ncer de Mama\">[+] <\/a><\/div>\n","protected":false},"author":12,"featured_media":116414,"comment_status":"open","ping_status":"open","sticky":false,"template":"","format":"standard","meta":{"footnotes":""},"categories":[119,128,8,27,3,29],"tags":[1223,10574,10387],"class_list":{"0":"post-116410","1":"post","2":"type-post","3":"status-publish","4":"format-standard","5":"has-post-thumbnail","7":"category-sanidad-la-comarca","8":"category-infraestructuras","9":"category-la-comarca","10":"category-requena-utiel","11":"category-seccion","12":"category-utiel","13":"tag-aecc","14":"tag-ayuntamiento-de-utiel","15":"tag-requena-utiel"},"_links":{"self":[{"href":"https:\/\/www.tucomarca.com\/wordpress\/segunda\/wp-json\/wp\/v2\/posts\/116410","targetHints":{"allow":["GET"]}}],"collection":[{"href":"https:\/\/www.tucomarca.com\/wordpress\/segunda\/wp-json\/wp\/v2\/posts"}],"about":[{"href":"https:\/\/www.tucomarca.com\/wordpress\/segunda\/wp-json\/wp\/v2\/types\/post"}],"author":[{"embeddable":true,"href":"https:\/\/www.tucomarca.com\/wordpress\/segunda\/wp-json\/wp\/v2\/users\/12"}],"replies":[{"embeddable":true,"href":"https:\/\/www.tucomarca.com\/wordpress\/segunda\/wp-json\/wp\/v2\/comments?post=116410"}],"version-history":[{"count":0,"href":"https:\/\/www.tucomarca.com\/wordpress\/segunda\/wp-json\/wp\/v2\/posts\/116410\/revisions"}],"wp:featuredmedia":[{"embeddable":true,"href":"https:\/\/www.tucomarca.com\/wordpress\/segunda\/wp-json\/wp\/v2\/media\/116414"}],"wp:attachment":[{"href":"https:\/\/www.tucomarca.com\/wordpress\/segunda\/wp-json\/wp\/v2\/media?parent=116410"}],"wp:term":[{"taxonomy":"category","embeddable":true,"href":"https:\/\/www.tucomarca.com\/wordpress\/segunda\/wp-json\/wp\/v2\/categories?post=116410"},{"taxonomy":"post_tag","embeddable":true,"href":"https:\/\/www.tucomarca.com\/wordpress\/segunda\/wp-json\/wp\/v2\/tags?post=116410"}],"curies":[{"name":"wp","href":"https:\/\/api.w.org\/{rel}","templated":true}]}}