{"id":116664,"date":"2020-10-21T23:40:28","date_gmt":"2020-10-21T21:40:28","guid":{"rendered":"http:\/\/www.tucomarca.com\/wordpress\/segunda\/?p=116664"},"modified":"2020-10-22T02:32:30","modified_gmt":"2020-10-22T00:32:30","slug":"riba-roja-disena-actividades-deportivas-y-cognitivas-a-las-personas-mayores-adaptadas-a-las-exigencias-sanitarias-por-la-covid-19","status":"publish","type":"post","link":"https:\/\/www.tucomarca.com\/wordpress\/segunda\/riba-roja-disena-actividades-deportivas-y-cognitivas-a-las-personas-mayores-adaptadas-a-las-exigencias-sanitarias-por-la-covid-19\/","title":{"rendered":"Riba-roja dise\u00f1a actividades deportivas y cognitivas a las personas mayores adaptadas a las exigencias sanitarias por la Covid-19"},"content":{"rendered":"\n<p><strong>El ayuntamiento inicia un programa para fomentar la pr\u00e1ctica deportiva<\/strong><\/p>\n\n\n\n<p>El Ayuntamiento de Riba-roja de T\u00faria ha puesto en marcha esta semana diversas actividades deportivas y cognitivas destinadas a las personas mayores de la localidad adaptados a las recomendaciones sanitarias y que se prolongar\u00e1n durante los pr\u00f3ximos meses. La iniciativa est\u00e1 enfocada a las personas a partir de los 55 a\u00f1os de edad y se dividen entre las actividades f\u00edsicas y otras no presenciales. &nbsp; &nbsp;<\/p>\n\n\n\n<p>\tEl programa municipal tiene como principal objetivo fomentar la pr\u00e1ctica del deporte entre las personas mayores como medio para alcanzar una plenitud f\u00edsica y, al mismo tiempo, que redunde en el bienestar psicol\u00f3gico entre la poblaci\u00f3n de mayor edad de Riba-roja de T\u00faria. Las actividades f\u00edsicas se desarrollar\u00e1n en el pabell\u00f3n municipal en un horario de 9:30 a 10:30 horas.&nbsp;<\/p>\n\n\n\n<p>\tLas actividades del pabell\u00f3n deportivo municipal consistir\u00e1n en gimnasia activa los lunes, una clase de zumba gold los martes, los mi\u00e9rcoles continuar\u00e1n con gimnasia pasiva, los jueves ser\u00e1 el turno del baile en l\u00ednea mientras que los viernes ser\u00e1 el tiempo del pilates postular. En todos los casos, se establecer\u00e1n mecanismos para que solo participen grupos reducidos y con la distancia m\u00ednima entre cada persona.&nbsp;<\/p>\n\n\n\n<p>\tAdem\u00e1s, otras actividades presenciales que se desarrollar\u00e1n en el centro social de Riba-roja de T\u00faria consistir\u00e1n en poner en marcha un taller de memoria los lunes en un horario de 17 a 18 horas. Los mi\u00e9rcoles se llevar\u00e1 a cabo un taller de dibujo y pintura de 9:30 a 11 horas, mientras que de 11:30 a 12:30 horas ser\u00e1 el turno de un taller de fotograf\u00eda. Por \u00faltimo, los jueves tendr\u00e1 lugar un taller de aplicaciones m\u00f3viles en sesiones de 17:30 a 18:30 horas. &nbsp;<\/p>\n\n\n\n<p>\tLa concejal\u00eda de Pol\u00edticas Inclusivas y Derechos Sociales y Mayores de Riba-roja de T\u00faria ha previsto tambi\u00e9n la celebraci\u00f3n de actividades f\u00edsicas y deportivas para las personas con un mayor riesgo por el peligro de contagio del coronavirus y que se llevar\u00e1n a cabo a trav\u00e9s de la televisi\u00f3n municipal y en la que se podr\u00e1n ver los talleres de pintura, m\u00f3vil y clases de gimnasia.&nbsp;<\/p>\n\n\n\n<p>\tEl alcalde de Riba-roja de T\u00faria, Robert Raga, ha afirmado que la pr\u00e1ctica de las actividades deportivas y cognitivas dise\u00f1adas y puestas ya en marcha \u201cmarcan un punto importante para asegurar una correcta salud f\u00edsica y ps\u00edquica entre las personas en una \u00e9poca en la que se deben procurar un mayor respeto y cuidado hacia las recomendaciones que reclama la conselleria de Sanitat Universal entre las personas mayores\u201d.<\/p>\n","protected":false},"excerpt":{"rendered":"<div class=\"mh-excerpt\">El ayuntamiento inicia un programa para fomentar la pr\u00e1ctica deportiva El Ayuntamiento de Riba-roja de T\u00faria ha puesto en marcha esta semana diversas actividades deportivas y cognitivas destinadas a las personas mayores de la localidad <a class=\"mh-excerpt-more\" href=\"https:\/\/www.tucomarca.com\/wordpress\/segunda\/riba-roja-disena-actividades-deportivas-y-cognitivas-a-las-personas-mayores-adaptadas-a-las-exigencias-sanitarias-por-la-covid-19\/\" title=\"Riba-roja dise\u00f1a actividades deportivas y cognitivas a las personas mayores adaptadas a las exigencias sanitarias por la Covid-19\">[+] <\/a><\/div>\n","protected":false},"author":12,"featured_media":116670,"comment_status":"open","ping_status":"open","sticky":false,"template":"","format":"standard","meta":{"footnotes":""},"categories":[46,119,12201,8,182,3],"tags":[10631,10395,11937,11938],"class_list":{"0":"post-116664","1":"post","2":"type-post","3":"status-publish","4":"format-standard","5":"has-post-thumbnail","7":"category-camp-de-turia","8":"category-sanidad-la-comarca","9":"category-covid-19","10":"category-la-comarca","11":"category-riba-roja","12":"category-seccion","13":"tag-ajuntament-de-riba-roja","14":"tag-camp-de-turia","15":"tag-coronavirus","16":"tag-covid-19"},"_links":{"self":[{"href":"https:\/\/www.tucomarca.com\/wordpress\/segunda\/wp-json\/wp\/v2\/posts\/116664","targetHints":{"allow":["GET"]}}],"collection":[{"href":"https:\/\/www.tucomarca.com\/wordpress\/segunda\/wp-json\/wp\/v2\/posts"}],"about":[{"href":"https:\/\/www.tucomarca.com\/wordpress\/segunda\/wp-json\/wp\/v2\/types\/post"}],"author":[{"embeddable":true,"href":"https:\/\/www.tucomarca.com\/wordpress\/segunda\/wp-json\/wp\/v2\/users\/12"}],"replies":[{"embeddable":true,"href":"https:\/\/www.tucomarca.com\/wordpress\/segunda\/wp-json\/wp\/v2\/comments?post=116664"}],"version-history":[{"count":0,"href":"https:\/\/www.tucomarca.com\/wordpress\/segunda\/wp-json\/wp\/v2\/posts\/116664\/revisions"}],"wp:featuredmedia":[{"embeddable":true,"href":"https:\/\/www.tucomarca.com\/wordpress\/segunda\/wp-json\/wp\/v2\/media\/116670"}],"wp:attachment":[{"href":"https:\/\/www.tucomarca.com\/wordpress\/segunda\/wp-json\/wp\/v2\/media?parent=116664"}],"wp:term":[{"taxonomy":"category","embeddable":true,"href":"https:\/\/www.tucomarca.com\/wordpress\/segunda\/wp-json\/wp\/v2\/categories?post=116664"},{"taxonomy":"post_tag","embeddable":true,"href":"https:\/\/www.tucomarca.com\/wordpress\/segunda\/wp-json\/wp\/v2\/tags?post=116664"}],"curies":[{"name":"wp","href":"https:\/\/api.w.org\/{rel}","templated":true}]}}