{"id":116774,"date":"2020-10-22T10:30:55","date_gmt":"2020-10-22T08:30:55","guid":{"rendered":"http:\/\/www.tucomarca.com\/wordpress\/segunda\/?p=116774"},"modified":"2020-10-22T17:32:43","modified_gmt":"2020-10-22T15:32:43","slug":"la-concejalia-de-medio-ambiente-de-cheste-reparte-14-refugios-para-murcielagos-y-salamanquesas","status":"publish","type":"post","link":"https:\/\/www.tucomarca.com\/wordpress\/segunda\/la-concejalia-de-medio-ambiente-de-cheste-reparte-14-refugios-para-murcielagos-y-salamanquesas\/","title":{"rendered":"La concejal\u00eda de Medio Ambiente de Cheste reparte 14 refugios para murci\u00e9lagos y salamanquesas"},"content":{"rendered":"\n<p>Ayer, mi\u00e9rcoles 21 de octubre, el sal\u00f3n de plenos del Ayuntamiento acogi\u00f3 el taller \u201cProtege a tus aliados nocturnos\u201d, organizado por la concejal\u00eda de Medio Ambiente y guiado por el t\u00e9cnico Andreu Manzanera. Esta sesi\u00f3n iba dirigida a las personas que se han ofrecido a instalar en su propiedad un refugio para murci\u00e9lagos y\/o salamanquesas, cedido por el Consistorio de forma gratuita.<\/p>\n\n\n\n<ul class=\"wp-block-gallery columns-1 is-cropped wp-block-gallery-1 is-layout-flex wp-block-gallery-is-layout-flex\"><li class=\"blocks-gallery-item\"><figure><img loading=\"lazy\" decoding=\"async\" width=\"787\" height=\"525\" src=\"https:\/\/www.tucomarca.com\/wordpress\/segunda\/wp-content\/uploads\/2020\/10\/2TallerRefugiosCheste.jpg\" alt=\"\" data-id=\"116778\" data-link=\"https:\/\/www.tucomarca.com\/wordpress\/segunda\/?attachment_id=116778\" class=\"wp-image-116778\" srcset=\"https:\/\/www.tucomarca.com\/wordpress\/segunda\/wp-content\/uploads\/2020\/10\/2TallerRefugiosCheste.jpg 787w, https:\/\/www.tucomarca.com\/wordpress\/segunda\/wp-content\/uploads\/2020\/10\/2TallerRefugiosCheste-300x200.jpg 300w, https:\/\/www.tucomarca.com\/wordpress\/segunda\/wp-content\/uploads\/2020\/10\/2TallerRefugiosCheste-768x512.jpg 768w\" sizes=\"auto, (max-width: 787px) 100vw, 787px\" \/><\/figure><\/li><\/ul>\n\n\n\n<p>\u201cNuestra l\u00ednea de trabajo est\u00e1 muy centrada en la educaci\u00f3n ambiental, por eso consideramos importante la realizaci\u00f3n de este taller antes de hacer el reparto de refugios a las personas que lo han solicitado\u201d, explicaba el concejal, David Pujals. \u201cEn los \u00faltimos meses ya se han instalado 15 refugios de murci\u00e9lagos en la localidad, a los que se van a sumar 6 m\u00e1s, que son los que se reparten hoy para particulares. La respuesta por parte de la gente ha sido muy buena: hab\u00eda 14 plazas, ya que se van a repartir 14 refugios, los 6 de murci\u00e9lagos y 8 para dragones, y tuvimos que cerrar el plazo de inscripci\u00f3n antes de tiempo porque se ocuparon r\u00e1pidamente\u201d.<\/p>\n\n\n\n<p>En el taller se abord\u00f3 la necesidad de instalar refugios a causa de la destrucci\u00f3n y degradaci\u00f3n del h\u00e1bitat natural de algunas especies, ocasionadas por la actividad humana. El t\u00e9cnico de Medio Ambiente habl\u00f3 sobre algunos tipos de refugio y su fauna asociada para despu\u00e9s centrarse en los que el Ayuntamiento iba a ceder esa tarde, para murci\u00e9lagos y salamanquesas o dragones. \u201cEstos animales est\u00e1n muy adaptados a la vida urbana y los tenemos muy cerca\u201d, apuntaba Manzanera. \u201cIncitar a la conservaci\u00f3n de estas especies nos favorece porque realizan un control sobre las poblaciones de insectos, como pueden ser mosquitos, moscas y polillas\u201d.<\/p>\n\n\n\n<p>Tal y como se expuso en el taller, los refugios simulan grietas naturales en las que los animales encontrar\u00edan cobijo, sobre todo para refugiarse en las \u00e9pocas de fr\u00edo, y para criar. \u201cLas estructuras para resguardar a murci\u00e9lagos y salamanquesas no requieren de ning\u00fan mantenimiento especial, ya que los excrementos y otros deshechos caen directamente al suelo, al contar con una obertura exterior; simplemente han de instalarse donde se hayan visto anteriormente ejemplares, y hacerlo en los lugares apropiados, en funci\u00f3n de las necesidades de los animales que las van a habitar y teniendo en cuenta su seguridad\u201d, comentaba Manzanera.&nbsp;<\/p>\n\n\n\n<p>As\u00ed, los refugios para murci\u00e9lagos deber\u00e1n colocarse a, como m\u00ednimo, 4 metros de altura, para eludir el alcance de depredadores; evitando las horas de sol en verano. Por el contrario, las estructuras para cobijar salamanquesas o dragones deben instalarse donde haya el m\u00e1ximo de horas de sol, ya que son animales de sangre fr\u00eda; a unos dos metros de altura.<\/p>\n\n\n\n<p>Al finalizar el taller, se hizo entrega de los refugios a todas las personas voluntarias, que firmaron un acuerdo de responsabilidad en el que se comprometieron a seguir las instrucciones indicadas, as\u00ed como a proporcionar las coordenadas del lugar donde instalen el refugio y una fotograf\u00eda.&nbsp;<\/p>\n\n\n\n<p>\u201cQuiero destacar el trabajo que est\u00e1 haciendo el personal del \u00e1rea de Medio Ambiente, proponiendo y desarrollando este tipo de actividades en las que se involucra a la ciudadan\u00eda para concienciar de que est\u00e1 en nuestras manos conservar el entorno natural\u201d, subrayaba Pujals. \u201cEstamos trabajando para, m\u00e1s adelante, aplicar esta actividad en el medio rural y tambi\u00e9n tenemos en proyecto la instalaci\u00f3n de refugios para aves\u201d.&nbsp;<\/p>\n","protected":false},"excerpt":{"rendered":"<div class=\"mh-excerpt\">Ayer, mi\u00e9rcoles 21 de octubre, el sal\u00f3n de plenos del Ayuntamiento acogi\u00f3 el taller \u201cProtege a tus aliados nocturnos\u201d, organizado por la concejal\u00eda de Medio Ambiente y guiado por el t\u00e9cnico Andreu Manzanera. Esta sesi\u00f3n <a class=\"mh-excerpt-more\" href=\"https:\/\/www.tucomarca.com\/wordpress\/segunda\/la-concejalia-de-medio-ambiente-de-cheste-reparte-14-refugios-para-murcielagos-y-salamanquesas\/\" title=\"La concejal\u00eda de Medio Ambiente de Cheste reparte 14 refugios para murci\u00e9lagos y salamanquesas\">[+] <\/a><\/div>\n","protected":false},"author":12,"featured_media":116776,"comment_status":"open","ping_status":"open","sticky":false,"template":"","format":"gallery","meta":{"footnotes":""},"categories":[17,8,10,117,3],"tags":[10470,339,5952],"class_list":{"0":"post-116774","1":"post","2":"type-post","3":"status-publish","4":"format-gallery","5":"has-post-thumbnail","7":"category-cheste","8":"category-la-comarca","9":"category-la-hoya","10":"category-medio-ambiente-la-comarca","11":"category-seccion","12":"tag-ayuntamiento-de-cheste","13":"tag-cheste-2","14":"tag-la-hoya-de-bunol-chiva","15":"post_format-post-format-gallery"},"_links":{"self":[{"href":"https:\/\/www.tucomarca.com\/wordpress\/segunda\/wp-json\/wp\/v2\/posts\/116774","targetHints":{"allow":["GET"]}}],"collection":[{"href":"https:\/\/www.tucomarca.com\/wordpress\/segunda\/wp-json\/wp\/v2\/posts"}],"about":[{"href":"https:\/\/www.tucomarca.com\/wordpress\/segunda\/wp-json\/wp\/v2\/types\/post"}],"author":[{"embeddable":true,"href":"https:\/\/www.tucomarca.com\/wordpress\/segunda\/wp-json\/wp\/v2\/users\/12"}],"replies":[{"embeddable":true,"href":"https:\/\/www.tucomarca.com\/wordpress\/segunda\/wp-json\/wp\/v2\/comments?post=116774"}],"version-history":[{"count":0,"href":"https:\/\/www.tucomarca.com\/wordpress\/segunda\/wp-json\/wp\/v2\/posts\/116774\/revisions"}],"wp:featuredmedia":[{"embeddable":true,"href":"https:\/\/www.tucomarca.com\/wordpress\/segunda\/wp-json\/wp\/v2\/media\/116776"}],"wp:attachment":[{"href":"https:\/\/www.tucomarca.com\/wordpress\/segunda\/wp-json\/wp\/v2\/media?parent=116774"}],"wp:term":[{"taxonomy":"category","embeddable":true,"href":"https:\/\/www.tucomarca.com\/wordpress\/segunda\/wp-json\/wp\/v2\/categories?post=116774"},{"taxonomy":"post_tag","embeddable":true,"href":"https:\/\/www.tucomarca.com\/wordpress\/segunda\/wp-json\/wp\/v2\/tags?post=116774"}],"curies":[{"name":"wp","href":"https:\/\/api.w.org\/{rel}","templated":true}]}}