{"id":116789,"date":"2020-10-22T22:29:08","date_gmt":"2020-10-22T20:29:08","guid":{"rendered":"http:\/\/www.tucomarca.com\/wordpress\/segunda\/?p=116789"},"modified":"2020-10-23T14:39:28","modified_gmt":"2020-10-23T12:39:28","slug":"el-ayuntamiento-de-turis-prepara-el-protocolo-anti-covid-para-la-festividad-de-todos-los-santos","status":"publish","type":"post","link":"https:\/\/www.tucomarca.com\/wordpress\/segunda\/el-ayuntamiento-de-turis-prepara-el-protocolo-anti-covid-para-la-festividad-de-todos-los-santos\/","title":{"rendered":"El Ayuntamiento de Tur\u00eds prepara el protocolo anti Covid para la festividad de Todos los Santos"},"content":{"rendered":"\n<p>El alcalde de Tur\u00eds, Eugenio Forta\u00f1a ha presidido la comisi\u00f3n que se ha constituido para establecer el protocolo de prevenci\u00f3n sanitaria contra la Covid que tiene que regir las visitas de los pr\u00f3ximos d\u00edas al cementerio municipal con motivo de la festividad de Todos los Santos.<\/p>\n\n\n\n<p>Control del aforo, distancia de seguridad, desinfecci\u00f3n de manos y el uso de mascarilla son las pautas fijas a las cuales se suman la recomendaci\u00f3n de no formar grupos en el interior del recinto as\u00ed como de permanecer \u00fanicamente el tiempo estrictamente necesario.<\/p>\n\n\n\n<p>El material de limpieza se desinfectar\u00e1 antes y despu\u00e9s de cada uso y tendr\u00e1 que depositarse siempre en el lugar destinado para ello. Las personas que visiten el campo santo tendr\u00e1n que seguir en todo momento las indicaciones que realice el personal encargado para mantener la seguridad sanitaria.<\/p>\n\n\n\n<p>Durante estos d\u00edas la brigada municipal de obras tambi\u00e9n est\u00e1 realizando la limpieza de los accesos as\u00ed como el acondicionamiento y el ajardinamiento para que en el recinto se conjugue un entorno cuidado y seguro a la vez.<\/p>\n","protected":false},"excerpt":{"rendered":"<div class=\"mh-excerpt\">El alcalde de Tur\u00eds, Eugenio Forta\u00f1a ha presidido la comisi\u00f3n que se ha constituido para establecer el protocolo de prevenci\u00f3n sanitaria contra la Covid que tiene que regir las visitas de los pr\u00f3ximos d\u00edas al <a class=\"mh-excerpt-more\" href=\"https:\/\/www.tucomarca.com\/wordpress\/segunda\/el-ayuntamiento-de-turis-prepara-el-protocolo-anti-covid-para-la-festividad-de-todos-los-santos\/\" title=\"El Ayuntamiento de Tur\u00eds prepara el protocolo anti Covid para la festividad de Todos los Santos\">[+] <\/a><\/div>\n","protected":false},"author":12,"featured_media":116791,"comment_status":"open","ping_status":"open","sticky":false,"template":"","format":"standard","meta":{"footnotes":""},"categories":[12201,128,8,42,3,43],"tags":[10602,11937,11938,3640],"class_list":{"0":"post-116789","1":"post","2":"type-post","3":"status-publish","4":"format-standard","5":"has-post-thumbnail","7":"category-covid-19","8":"category-infraestructuras","9":"category-la-comarca","10":"category-la-ribera","11":"category-seccion","12":"category-turis","13":"tag-ajuntament-de-turis","14":"tag-coronavirus","15":"tag-covid-19","16":"tag-la-ribera-alta"},"_links":{"self":[{"href":"https:\/\/www.tucomarca.com\/wordpress\/segunda\/wp-json\/wp\/v2\/posts\/116789","targetHints":{"allow":["GET"]}}],"collection":[{"href":"https:\/\/www.tucomarca.com\/wordpress\/segunda\/wp-json\/wp\/v2\/posts"}],"about":[{"href":"https:\/\/www.tucomarca.com\/wordpress\/segunda\/wp-json\/wp\/v2\/types\/post"}],"author":[{"embeddable":true,"href":"https:\/\/www.tucomarca.com\/wordpress\/segunda\/wp-json\/wp\/v2\/users\/12"}],"replies":[{"embeddable":true,"href":"https:\/\/www.tucomarca.com\/wordpress\/segunda\/wp-json\/wp\/v2\/comments?post=116789"}],"version-history":[{"count":0,"href":"https:\/\/www.tucomarca.com\/wordpress\/segunda\/wp-json\/wp\/v2\/posts\/116789\/revisions"}],"wp:featuredmedia":[{"embeddable":true,"href":"https:\/\/www.tucomarca.com\/wordpress\/segunda\/wp-json\/wp\/v2\/media\/116791"}],"wp:attachment":[{"href":"https:\/\/www.tucomarca.com\/wordpress\/segunda\/wp-json\/wp\/v2\/media?parent=116789"}],"wp:term":[{"taxonomy":"category","embeddable":true,"href":"https:\/\/www.tucomarca.com\/wordpress\/segunda\/wp-json\/wp\/v2\/categories?post=116789"},{"taxonomy":"post_tag","embeddable":true,"href":"https:\/\/www.tucomarca.com\/wordpress\/segunda\/wp-json\/wp\/v2\/tags?post=116789"}],"curies":[{"name":"wp","href":"https:\/\/api.w.org\/{rel}","templated":true}]}}