{"id":116850,"date":"2020-10-23T13:00:11","date_gmt":"2020-10-23T11:00:11","guid":{"rendered":"http:\/\/www.tucomarca.com\/wordpress\/segunda\/?p=116850"},"modified":"2020-10-23T14:17:14","modified_gmt":"2020-10-23T12:17:14","slug":"la-sequia-impide-la-salida-de-los-rebollones-en-requena-utiel","status":"publish","type":"post","link":"https:\/\/www.tucomarca.com\/wordpress\/segunda\/la-sequia-impide-la-salida-de-los-rebollones-en-requena-utiel\/","title":{"rendered":"La sequ\u00eda impide la salida de los rebollones en Requena-Utiel"},"content":{"rendered":"\n<p>La escasez de precipitaciones que registran las monta\u00f1as del interior de la provincia de Valencia en lo que llevamos de a\u00f1o est\u00e1 impidiendo la salida de los hongos rebollones. Por tanto, aficionados a la b\u00fasqueda de este rico manjar, en la comarca Requena-Utiel, han afirmado que este a\u00f1o para encontrar alg\u00fan ejemplar \u00abtenemos que desplazarnos a otras comunidades pr\u00f3ximas donde se pueden coger algunos, porque tambi\u00e9n escasean; pero no vale la pena\u00bb.<\/p>\n\n\n\n<p>Debido a la escasez de hongos, en establecimientos de Requena se han venido cotizando a un precio m\u00ednimo de 15 euros por kilogramo. Por tanto, nada asequible para muchas personas.<\/p>\n\n\n\n<p>Los recolectores de rebollones dan por perdida la campa\u00f1a actual; pues \u00abaunque lloviera en abundancia en los pr\u00f3ximos d\u00edas ser\u00eda demasiado tarde\u00bb aseguran. Informa, <strong>Luis Ib\u00e1\u00f1ez.<\/strong><\/p>\n","protected":false},"excerpt":{"rendered":"<div class=\"mh-excerpt\">La escasez de precipitaciones que registran las monta\u00f1as del interior de la provincia de Valencia en lo que llevamos de a\u00f1o est\u00e1 impidiendo la salida de los hongos rebollones. Por tanto, aficionados a la b\u00fasqueda <a class=\"mh-excerpt-more\" href=\"https:\/\/www.tucomarca.com\/wordpress\/segunda\/la-sequia-impide-la-salida-de-los-rebollones-en-requena-utiel\/\" title=\"La sequ\u00eda impide la salida de los rebollones en Requena-Utiel\">[+] <\/a><\/div>\n","protected":false},"author":12,"featured_media":116852,"comment_status":"open","ping_status":"open","sticky":false,"template":"","format":"standard","meta":{"footnotes":""},"categories":[8,117,27,3],"tags":[12871,10387,2238],"class_list":{"0":"post-116850","1":"post","2":"type-post","3":"status-publish","4":"format-standard","5":"has-post-thumbnail","7":"category-la-comarca","8":"category-medio-ambiente-la-comarca","9":"category-requena-utiel","10":"category-seccion","11":"tag-rebollones","12":"tag-requena-utiel","13":"tag-sequia"},"_links":{"self":[{"href":"https:\/\/www.tucomarca.com\/wordpress\/segunda\/wp-json\/wp\/v2\/posts\/116850","targetHints":{"allow":["GET"]}}],"collection":[{"href":"https:\/\/www.tucomarca.com\/wordpress\/segunda\/wp-json\/wp\/v2\/posts"}],"about":[{"href":"https:\/\/www.tucomarca.com\/wordpress\/segunda\/wp-json\/wp\/v2\/types\/post"}],"author":[{"embeddable":true,"href":"https:\/\/www.tucomarca.com\/wordpress\/segunda\/wp-json\/wp\/v2\/users\/12"}],"replies":[{"embeddable":true,"href":"https:\/\/www.tucomarca.com\/wordpress\/segunda\/wp-json\/wp\/v2\/comments?post=116850"}],"version-history":[{"count":0,"href":"https:\/\/www.tucomarca.com\/wordpress\/segunda\/wp-json\/wp\/v2\/posts\/116850\/revisions"}],"wp:featuredmedia":[{"embeddable":true,"href":"https:\/\/www.tucomarca.com\/wordpress\/segunda\/wp-json\/wp\/v2\/media\/116852"}],"wp:attachment":[{"href":"https:\/\/www.tucomarca.com\/wordpress\/segunda\/wp-json\/wp\/v2\/media?parent=116850"}],"wp:term":[{"taxonomy":"category","embeddable":true,"href":"https:\/\/www.tucomarca.com\/wordpress\/segunda\/wp-json\/wp\/v2\/categories?post=116850"},{"taxonomy":"post_tag","embeddable":true,"href":"https:\/\/www.tucomarca.com\/wordpress\/segunda\/wp-json\/wp\/v2\/tags?post=116850"}],"curies":[{"name":"wp","href":"https:\/\/api.w.org\/{rel}","templated":true}]}}