{"id":116922,"date":"2020-10-23T22:20:19","date_gmt":"2020-10-23T20:20:19","guid":{"rendered":"http:\/\/www.tucomarca.com\/wordpress\/segunda\/?p=116922"},"modified":"2020-10-23T22:20:24","modified_gmt":"2020-10-23T20:20:24","slug":"godelleta-inicia-el-otono-con-teatro","status":"publish","type":"post","link":"https:\/\/www.tucomarca.com\/wordpress\/segunda\/godelleta-inicia-el-otono-con-teatro\/","title":{"rendered":"Godelleta inicia el oto\u00f1o con teatro"},"content":{"rendered":"\n<p>Godelleta vuelve poco a poco a la vida cultural. En verano ya se realizaron algunos actos al aire libre como &#8216;conciertos a la fresca&#8217; o un concierto de toques de campanas desde el campanario de la Iglesia parroquial de San Pedro Ap\u00f3stol, para celebrar el d\u00eda de la patrona.<\/p>\n\n\n\n<p>Conscientes de todas las medidas sanitarias anti-Covid por parte de la organizaci\u00f3n y viendo la concienciaci\u00f3n de la poblaci\u00f3n, se han vuelto a realizar obras de teatro en el&nbsp; Sal\u00f3n de Actos.<\/p>\n\n\n\n<p>Esta pasada semana se ha podido disfrutar de la comedia &#8216;Tres sombreros de copa&#8217; de Miguel Mihura, a cargo de la compa\u00f1\u00eda Agora de Carcaixent con un aforo limitado que ha tenido una estupenda acogida entre el p\u00fablico.<\/p>\n\n\n\n<p>Este, 25 de octubre, se podr\u00e1 disfrutar de la puesta en escena de &#8216;La llegada de los b\u00e1rbaros&#8217;  por la compa\u00f1\u00eda \u00c1riba Teatro, el 1 de noviembre de &#8216;Sobreviviendo a la adolestreinta&#8217; y el 7 de noviembre de la obra titulada \u2018Guerra\u2019 de Xana Teatre.<\/p>\n\n\n\n<p>El Ayuntamiento de Godelleta tambi\u00e9n est\u00e1 llevando a cabo actividades para dar a conocer a la poblaci\u00f3n su derecho a la informaci\u00f3n, haciendo difusi\u00f3n de la transparencia y el buen gobierno en el que la corporaci\u00f3n est\u00e1 trabajando.<\/p>\n\n\n\n<p>Esta semana en la biblioteca se est\u00e1n realizando unos cursos para aprender a usar el tel\u00e9fono m\u00f3vil para mayores de 50 a\u00f1os, ya que para poder llegar a toda la informaci\u00f3n p\u00fablica ya disponible, primero se han de tener unas habilidades digitales b\u00e1sicas y el Ayuntamiento es consciente de esta necesidad.<\/p>\n\n\n\n<ul class=\"wp-block-gallery columns-2 is-cropped wp-block-gallery-1 is-layout-flex wp-block-gallery-is-layout-flex\"><li class=\"blocks-gallery-item\"><figure><img loading=\"lazy\" decoding=\"async\" width=\"400\" height=\"599\" src=\"https:\/\/www.tucomarca.com\/wordpress\/segunda\/wp-content\/uploads\/2020\/10\/teatroGodelleta2.jpg\" alt=\"\" data-id=\"116937\" data-link=\"https:\/\/www.tucomarca.com\/wordpress\/segunda\/?attachment_id=116937\" class=\"wp-image-116937\" srcset=\"https:\/\/www.tucomarca.com\/wordpress\/segunda\/wp-content\/uploads\/2020\/10\/teatroGodelleta2.jpg 400w, https:\/\/www.tucomarca.com\/wordpress\/segunda\/wp-content\/uploads\/2020\/10\/teatroGodelleta2-200x300.jpg 200w\" sizes=\"auto, (max-width: 400px) 100vw, 400px\" \/><\/figure><\/li><li class=\"blocks-gallery-item\"><figure><img loading=\"lazy\" decoding=\"async\" width=\"787\" height=\"590\" src=\"https:\/\/www.tucomarca.com\/wordpress\/segunda\/wp-content\/uploads\/2020\/10\/cursoGodelleta.jpg\" alt=\"\" data-id=\"116935\" data-link=\"https:\/\/www.tucomarca.com\/wordpress\/segunda\/?attachment_id=116935\" class=\"wp-image-116935\" srcset=\"https:\/\/www.tucomarca.com\/wordpress\/segunda\/wp-content\/uploads\/2020\/10\/cursoGodelleta.jpg 787w, https:\/\/www.tucomarca.com\/wordpress\/segunda\/wp-content\/uploads\/2020\/10\/cursoGodelleta-300x225.jpg 300w, https:\/\/www.tucomarca.com\/wordpress\/segunda\/wp-content\/uploads\/2020\/10\/cursoGodelleta-768x576.jpg 768w, https:\/\/www.tucomarca.com\/wordpress\/segunda\/wp-content\/uploads\/2020\/10\/cursoGodelleta-678x509.jpg 678w, https:\/\/www.tucomarca.com\/wordpress\/segunda\/wp-content\/uploads\/2020\/10\/cursoGodelleta-326x245.jpg 326w, https:\/\/www.tucomarca.com\/wordpress\/segunda\/wp-content\/uploads\/2020\/10\/cursoGodelleta-80x60.jpg 80w\" sizes=\"auto, (max-width: 787px) 100vw, 787px\" \/><\/figure><\/li><\/ul>\n","protected":false},"excerpt":{"rendered":"<div class=\"mh-excerpt\">Godelleta vuelve poco a poco a la vida cultural. En verano ya se realizaron algunos actos al aire libre como &#8216;conciertos a la fresca&#8217; o un concierto de toques de campanas desde el campanario de <a class=\"mh-excerpt-more\" href=\"https:\/\/www.tucomarca.com\/wordpress\/segunda\/godelleta-inicia-el-otono-con-teatro\/\" title=\"Godelleta inicia el oto\u00f1o con teatro\">[+] <\/a><\/div>\n","protected":false},"author":12,"featured_media":116932,"comment_status":"open","ping_status":"open","sticky":false,"template":"","format":"gallery","meta":{"footnotes":""},"categories":[4,14,8,10,7,3],"tags":[10663,5952],"class_list":{"0":"post-116922","1":"post","2":"type-post","3":"status-publish","4":"format-gallery","5":"has-post-thumbnail","7":"category-agenda","8":"category-godelleta","9":"category-la-comarca","10":"category-la-hoya","11":"category-ocio-y-cultura","12":"category-seccion","13":"tag-ayuntamiento-de-godelleta","14":"tag-la-hoya-de-bunol-chiva","15":"post_format-post-format-gallery"},"_links":{"self":[{"href":"https:\/\/www.tucomarca.com\/wordpress\/segunda\/wp-json\/wp\/v2\/posts\/116922","targetHints":{"allow":["GET"]}}],"collection":[{"href":"https:\/\/www.tucomarca.com\/wordpress\/segunda\/wp-json\/wp\/v2\/posts"}],"about":[{"href":"https:\/\/www.tucomarca.com\/wordpress\/segunda\/wp-json\/wp\/v2\/types\/post"}],"author":[{"embeddable":true,"href":"https:\/\/www.tucomarca.com\/wordpress\/segunda\/wp-json\/wp\/v2\/users\/12"}],"replies":[{"embeddable":true,"href":"https:\/\/www.tucomarca.com\/wordpress\/segunda\/wp-json\/wp\/v2\/comments?post=116922"}],"version-history":[{"count":0,"href":"https:\/\/www.tucomarca.com\/wordpress\/segunda\/wp-json\/wp\/v2\/posts\/116922\/revisions"}],"wp:featuredmedia":[{"embeddable":true,"href":"https:\/\/www.tucomarca.com\/wordpress\/segunda\/wp-json\/wp\/v2\/media\/116932"}],"wp:attachment":[{"href":"https:\/\/www.tucomarca.com\/wordpress\/segunda\/wp-json\/wp\/v2\/media?parent=116922"}],"wp:term":[{"taxonomy":"category","embeddable":true,"href":"https:\/\/www.tucomarca.com\/wordpress\/segunda\/wp-json\/wp\/v2\/categories?post=116922"},{"taxonomy":"post_tag","embeddable":true,"href":"https:\/\/www.tucomarca.com\/wordpress\/segunda\/wp-json\/wp\/v2\/tags?post=116922"}],"curies":[{"name":"wp","href":"https:\/\/api.w.org\/{rel}","templated":true}]}}