{"id":116945,"date":"2020-10-23T20:15:25","date_gmt":"2020-10-23T18:15:25","guid":{"rendered":"http:\/\/www.tucomarca.com\/wordpress\/segunda\/?p=116945"},"modified":"2020-10-23T22:15:33","modified_gmt":"2020-10-23T20:15:33","slug":"riba-roja-aprueba-ayudas-de-340-000-euros-para-los-autonomos-y-colaboradores-que-rebajaron-un-50-su-facturacion-en-los-meses-del-confinamiento","status":"publish","type":"post","link":"https:\/\/www.tucomarca.com\/wordpress\/segunda\/riba-roja-aprueba-ayudas-de-340-000-euros-para-los-autonomos-y-colaboradores-que-rebajaron-un-50-su-facturacion-en-los-meses-del-confinamiento\/","title":{"rendered":"Riba-roja aprueba ayudas de 340.000 euros para los aut\u00f3nomos y colaboradores que rebajaron un 50% su facturaci\u00f3n en los meses del confinamiento"},"content":{"rendered":"\n<h4 class=\"wp-block-heading\">El programa concede ayudas directas de entre 500 y 800 euros<\/h4>\n\n\n\n<p>El Ayuntamiento de Riba-roja de T\u00faria ha aprobado una partida de 340.000 euros en total destinada a los aut\u00f3nomos, profesionales y microempresas del \u00e1mbito del comercio minorista y prestaci\u00f3n de negocios peque\u00f1os que rebajaron su facturaci\u00f3n en los meses de marzo y abril pasado, en pleno Estado de Alarma durante el confinamiento derivado por la Covid-19. La Junta de Gobierno Local ha aprobado las partidas econ\u00f3micas y las pertinentes bases reguladoras para su concesi\u00f3n.&nbsp;<\/p>\n\n\n\n<p>\tEl programa Consolida\u2019t dise\u00f1ado y elaborado por el Ayuntamiento de Riba-roja de T\u00faria prev\u00e9 ayudas econ\u00f3micas de entre 500 y 800 euros para los aut\u00f3nomos, profesionales y microempresas que vieron reducida su facturaci\u00f3n en un m\u00ednimo del 50% durante marzo y abril a trav\u00e9s del r\u00e9gimen de concurrencia competitiva por un valor total previsto de 300.000 euros en total.&nbsp;<\/p>\n\n\n\n<p>\tLa Junta de Gobierno Local ha dado luz verde, tambi\u00e9n, al programa Ribactiva Col\u00b7labora para concesi\u00f3n de ayudas para las personas que trabajen en calidad de colaborador en el \u00e1mbito del comercio minorista y peque\u00f1os comercios que presentan servicios al consumidor final de Riba-roja de T\u00faria que se han visto, igualmente, afectados por la Covid-19 en los citados meses.&nbsp;<\/p>\n\n\n\n<p>\tEn el caso del programa Ribactiva Col\u00b7labora, el Ayuntamiento de Riba-roja de T\u00faria ha previsto una partida m\u00e1xima de 40.000 euros para los futuros beneficiarios de las ayudas, con la concesi\u00f3n de 500 euros en materia de subvenci\u00f3n econ\u00f3mica, en el comercio minorista tradicional y de proximidad y en peque\u00f1os negocios de prestaci\u00f3n de servicios. En total, se destinar\u00e1n 340.000 euros entre ambos programas. En las dos iniciativas se han aprobado las correspondientes bases reguladoras que marcar\u00e1n las pautas para la concesi\u00f3n de las ayudas.&nbsp;<\/p>\n\n\n\n<p>\tLas subvenciones en concurrencia competitiva est\u00e1n dirigidas a sufragar los gastos corrientes como los alquileres, las facturas de los proveedores, los consumibles o los suministros entre otros de los aut\u00f3nomos, profesionales y microempresas de la localidad que vieron reducidas su facturaci\u00f3n en un m\u00ednimo del 50% citado y que servir\u00e1 para paliar las consecuencias econ\u00f3micas derivadas de la crisis sanitaria.&nbsp; &nbsp;<\/p>\n\n\n\n<p>\tCabe recordar que, en el pasado mes de septiembre, el Ayuntamiento de Riba-roja de T\u00faria abon\u00f3 la primera fase de las ayudas del programa Ribactiva Impulsa\u2019t enfocado a todos los aut\u00f3nomos, profesionales y microempresas que se vieron abocados, por ley, al cierre total y completo de sus negocios o establecimientos en virtud del Estado de Alarma y, por tanto, dejaron de percibir los correspondientes ingresos econ\u00f3micos.&nbsp; \t&nbsp;<\/p>\n\n\n\n<p>\tDe esta forma, el Ayuntamiento de Riba-roja de T\u00faria concedi\u00f3 ayudas econ\u00f3micas, mediante el sistema de concurrencia competitiva, a un total de 147 beneficiarios por un montante global de 266.520 euros, cuya cuant\u00eda se hizo ya efectiva el mes pasado. En este caso, se establecieron ayudas directas de 2.000 euros a cada uno de los beneficiarios por el cierre de sus locales.&nbsp;<\/p>\n\n\n\n<p>\tEl alcalde de Riba-roja de T\u00faria, Robert Raga, ha destacado \u201cla importancia de estas ayudas econ\u00f3micas para que todos los aut\u00f3nomos, comercios y microempresas que se han visto afectados por las consecuencias de la crisis sanitaria puedan atravesar con mejores garant\u00edas de \u00e9xito esta etapa; por ello, vamos a continuar apostando y apoyando a aquellos sectores sociales y econ\u00f3micos que lo necesiten\u201d. &nbsp;<\/p>\n\n\n\n<p>Por \u00faltimo, el siguiente programa que se pondr\u00e1 en marcha es el Ribactiva Empr\u00e9n que se centrar\u00e1 en los aut\u00f3nomos y profesionales del comercio minorista que hayan iniciado su actividad desde el 1 de enero y hasta el 31 de octubre de este a\u00f1o 2020 con ayudas directas de otros 1.000 euros, con el objetivo de favorecer a aquellos negocios que han entrado en funcionamiento hace pocos meses o que puedan reabrirlos en el caso de que los hayan cerrado.<\/p>\n","protected":false},"excerpt":{"rendered":"<div class=\"mh-excerpt\">El programa concede ayudas directas de entre 500 y 800 euros El Ayuntamiento de Riba-roja de T\u00faria ha aprobado una partida de 340.000 euros en total destinada a los aut\u00f3nomos, profesionales y microempresas del \u00e1mbito <a class=\"mh-excerpt-more\" href=\"https:\/\/www.tucomarca.com\/wordpress\/segunda\/riba-roja-aprueba-ayudas-de-340-000-euros-para-los-autonomos-y-colaboradores-que-rebajaron-un-50-su-facturacion-en-los-meses-del-confinamiento\/\" title=\"Riba-roja aprueba ayudas de 340.000 euros para los aut\u00f3nomos y colaboradores que rebajaron un 50% su facturaci\u00f3n en los meses del confinamiento\">[+] <\/a><\/div>\n","protected":false},"author":12,"featured_media":116967,"comment_status":"open","ping_status":"open","sticky":false,"template":"","format":"standard","meta":{"footnotes":""},"categories":[46,12201,128,8,142,182,3],"tags":[10631,10395,11937,11938],"class_list":{"0":"post-116945","1":"post","2":"type-post","3":"status-publish","4":"format-standard","5":"has-post-thumbnail","7":"category-camp-de-turia","8":"category-covid-19","9":"category-infraestructuras","10":"category-la-comarca","11":"category-politica-la-comarca","12":"category-riba-roja","13":"category-seccion","14":"tag-ajuntament-de-riba-roja","15":"tag-camp-de-turia","16":"tag-coronavirus","17":"tag-covid-19"},"_links":{"self":[{"href":"https:\/\/www.tucomarca.com\/wordpress\/segunda\/wp-json\/wp\/v2\/posts\/116945","targetHints":{"allow":["GET"]}}],"collection":[{"href":"https:\/\/www.tucomarca.com\/wordpress\/segunda\/wp-json\/wp\/v2\/posts"}],"about":[{"href":"https:\/\/www.tucomarca.com\/wordpress\/segunda\/wp-json\/wp\/v2\/types\/post"}],"author":[{"embeddable":true,"href":"https:\/\/www.tucomarca.com\/wordpress\/segunda\/wp-json\/wp\/v2\/users\/12"}],"replies":[{"embeddable":true,"href":"https:\/\/www.tucomarca.com\/wordpress\/segunda\/wp-json\/wp\/v2\/comments?post=116945"}],"version-history":[{"count":0,"href":"https:\/\/www.tucomarca.com\/wordpress\/segunda\/wp-json\/wp\/v2\/posts\/116945\/revisions"}],"wp:featuredmedia":[{"embeddable":true,"href":"https:\/\/www.tucomarca.com\/wordpress\/segunda\/wp-json\/wp\/v2\/media\/116967"}],"wp:attachment":[{"href":"https:\/\/www.tucomarca.com\/wordpress\/segunda\/wp-json\/wp\/v2\/media?parent=116945"}],"wp:term":[{"taxonomy":"category","embeddable":true,"href":"https:\/\/www.tucomarca.com\/wordpress\/segunda\/wp-json\/wp\/v2\/categories?post=116945"},{"taxonomy":"post_tag","embeddable":true,"href":"https:\/\/www.tucomarca.com\/wordpress\/segunda\/wp-json\/wp\/v2\/tags?post=116945"}],"curies":[{"name":"wp","href":"https:\/\/api.w.org\/{rel}","templated":true}]}}