{"id":117025,"date":"2020-10-24T10:05:03","date_gmt":"2020-10-24T08:05:03","guid":{"rendered":"http:\/\/www.tucomarca.com\/wordpress\/segunda\/?p=117025"},"modified":"2020-10-24T14:45:27","modified_gmt":"2020-10-24T12:45:27","slug":"el-alcalde-de-requena-ruega-precaucion-ante-el-aumento-de-contagios-de-covid-19-en-el-municipio","status":"publish","type":"post","link":"https:\/\/www.tucomarca.com\/wordpress\/segunda\/el-alcalde-de-requena-ruega-precaucion-ante-el-aumento-de-contagios-de-covid-19-en-el-municipio\/","title":{"rendered":"El alcalde de Requena ruega precauci\u00f3n ante el aumento de contagios de Covid-19 en el municipio"},"content":{"rendered":"\n<p>El alcalde de Requena, Mario S\u00e1nchez, se ha dirigido a la ciudadan\u00eda del municipio debido al aumento de casos por Covid-19 en la localidad notificado por parte de Salud P\u00fablica.<\/p>\n\n\n\n<p>\u00abSeg\u00fan datos oficiales del organismo, ha habido en Requena 113 casos en las \u00faltimas 2 semanas, por lo que superamos la incidencia acumulada de 500 casos por cada 100.000 habitantes\u00bb destaca el alcalde.&nbsp;Una circunstancia que podr\u00eda llevar al confinamiento perimetral de la localidad, seg\u00fan los baremos del Gobierno de la naci\u00f3n.<\/p>\n\n\n\n<p>Hoy es m\u00e1s importante que nunca \u00abrestringir al m\u00e1ximo el contacto social y evitar cualquier tipo de contacto con personas no convivientes siempre que no podamos mantener la distancia de seguridad\u00bb advierte el primer edil requenense.\u00bb \u00abRuego -a\u00f1ade- especial precauci\u00f3n una vez m\u00e1s en las reuniones con familiares y amigos. La situaci\u00f3n es muy seria y puede empeorar de manera exponencial si no nos lo tomamos en serio. Por favor, tengamos la m\u00e1xima precauci\u00f3n. Est\u00e1 en nuestras manos\u00bb, ha finalizado. Informa, <strong>Luis Ib\u00e1\u00f1ez<\/strong>.<\/p>\n","protected":false},"excerpt":{"rendered":"<div class=\"mh-excerpt\">El alcalde de Requena, Mario S\u00e1nchez, se ha dirigido a la ciudadan\u00eda del municipio debido al aumento de casos por Covid-19 en la localidad notificado por parte de Salud P\u00fablica. \u00abSeg\u00fan datos oficiales del organismo, <a class=\"mh-excerpt-more\" href=\"https:\/\/www.tucomarca.com\/wordpress\/segunda\/el-alcalde-de-requena-ruega-precaucion-ante-el-aumento-de-contagios-de-covid-19-en-el-municipio\/\" title=\"El alcalde de Requena ruega precauci\u00f3n ante el aumento de contagios de Covid-19 en el municipio\">[+] <\/a><\/div>\n","protected":false},"author":1,"featured_media":96301,"comment_status":"open","ping_status":"open","sticky":false,"template":"","format":"standard","meta":{"footnotes":""},"categories":[119,12201,128,8,117,142,28,27,3,116],"tags":[11937,11938,11951,10387],"class_list":{"0":"post-117025","1":"post","2":"type-post","3":"status-publish","4":"format-standard","5":"has-post-thumbnail","7":"category-sanidad-la-comarca","8":"category-covid-19","9":"category-infraestructuras","10":"category-la-comarca","11":"category-medio-ambiente-la-comarca","12":"category-politica-la-comarca","13":"category-requena","14":"category-requena-utiel","15":"category-seccion","16":"category-sucesos-la-comarca","17":"tag-coronavirus","18":"tag-covid-19","19":"tag-covid2019","20":"tag-requena-utiel"},"_links":{"self":[{"href":"https:\/\/www.tucomarca.com\/wordpress\/segunda\/wp-json\/wp\/v2\/posts\/117025","targetHints":{"allow":["GET"]}}],"collection":[{"href":"https:\/\/www.tucomarca.com\/wordpress\/segunda\/wp-json\/wp\/v2\/posts"}],"about":[{"href":"https:\/\/www.tucomarca.com\/wordpress\/segunda\/wp-json\/wp\/v2\/types\/post"}],"author":[{"embeddable":true,"href":"https:\/\/www.tucomarca.com\/wordpress\/segunda\/wp-json\/wp\/v2\/users\/1"}],"replies":[{"embeddable":true,"href":"https:\/\/www.tucomarca.com\/wordpress\/segunda\/wp-json\/wp\/v2\/comments?post=117025"}],"version-history":[{"count":0,"href":"https:\/\/www.tucomarca.com\/wordpress\/segunda\/wp-json\/wp\/v2\/posts\/117025\/revisions"}],"wp:featuredmedia":[{"embeddable":true,"href":"https:\/\/www.tucomarca.com\/wordpress\/segunda\/wp-json\/wp\/v2\/media\/96301"}],"wp:attachment":[{"href":"https:\/\/www.tucomarca.com\/wordpress\/segunda\/wp-json\/wp\/v2\/media?parent=117025"}],"wp:term":[{"taxonomy":"category","embeddable":true,"href":"https:\/\/www.tucomarca.com\/wordpress\/segunda\/wp-json\/wp\/v2\/categories?post=117025"},{"taxonomy":"post_tag","embeddable":true,"href":"https:\/\/www.tucomarca.com\/wordpress\/segunda\/wp-json\/wp\/v2\/tags?post=117025"}],"curies":[{"name":"wp","href":"https:\/\/api.w.org\/{rel}","templated":true}]}}