{"id":117059,"date":"2020-10-24T20:13:18","date_gmt":"2020-10-24T18:13:18","guid":{"rendered":"http:\/\/www.tucomarca.com\/wordpress\/segunda\/?p=117059"},"modified":"2020-10-24T20:22:42","modified_gmt":"2020-10-24T18:22:42","slug":"el-alcalde-de-ayora-pide-a-sus-vecinos-que-se-auto-confinen-por-el-incremento-exponencial-de-covid-19-que-puede-ir-en-aumento-en-los-proximos-dias","status":"publish","type":"post","link":"https:\/\/www.tucomarca.com\/wordpress\/segunda\/el-alcalde-de-ayora-pide-a-sus-vecinos-que-se-auto-confinen-por-el-incremento-exponencial-de-covid-19-que-puede-ir-en-aumento-en-los-proximos-dias\/","title":{"rendered":"El alcalde de Ayora pide a sus vecinos que se auto confinen por el incremento exponencial de covid-19 que puede ir en aumento en los pr\u00f3ximos d\u00edas"},"content":{"rendered":"\n<p>El alcalde de Ayora, Jos\u00e9 Vicente Anaya, ha emitido un bando municipal en el que recomienda a sus convecinos \u00abel auto confinamiento en sus domicilios saliendo en los casos que sea necesario, casos de urgencia, para acudir a su puesto de trabajo o atender a personas que requieran cuidados especiales\u00bb.<\/p>\n\n\n\n<p>En este bando el alcalde ordena adem\u00e1s la \u00absuspensi\u00f3n de todos los actos p\u00fablicos, culturales, eventos deportivos y socioculturales en el t\u00e9rmino municipal de Ayora. Se ordena el cierre de parques y jardines, zonas de juegos infantiles o deportivas urbanas; as\u00ed como el cierre de los espacios culturales municipales y la restricci\u00f3n de las reuniones de grupos o asociaciones en dependencias municipales\u00bb.<\/p>\n\n\n\n<p>Jos\u00e9 Vicente Anaya tambi\u00e9n requiere en su bando a los comercios y establecimientos de hosteler\u00eda la adopci\u00f3n y mantenimiento de todas las medidas sanitarias oportunas\u00bb.<\/p>\n\n\n\n<p>El alcalde justifica estas medidas restrictivas ante el \u00abincremento exponencial de casos de covid-19, pudiendo ir en aumento en los pr\u00f3ximos d\u00edas\u00bb. Y es que seg\u00fan los datos de Salud P\u00fablica, durante los \u00faltimos siete d\u00edas se han detectado 23 nuevos casos en Ayora, lo que indica una incidencia acumulada de 545,93 casos por cada 100.000 habitantes, \u00abpor lo que seg\u00fan los indicadores del Consejo Interterritorial del Sistema Nacional de Salud estamos en una valoraci\u00f3n de Riesgo Muy Alto\u00bb.<\/p>\n\n\n\n<p>En su bando Jos\u00e9 Vicente Anaya hace un llamamiento a toda la ciudadan\u00eda para que \u00abdesde la responsabilidad individual de cada uno, tanto en el \u00e1mbito familiar como social,  as\u00ed como a la responsabilidad colectiva, tengamos un comportamiento ejemplar en el cumplimiento de las normas para evitar en lo posible los contagios, distancia interpersonales de 1,5 metros, mascarilla obligatoria en todos los espacios e higiene de manos, como medidas a respetar en todo momento\u00bb.<\/p>\n\n\n\n<figure class=\"wp-block-image\"><img loading=\"lazy\" decoding=\"async\" width=\"725\" height=\"1024\" src=\"https:\/\/www.tucomarca.com\/wordpress\/segunda\/wp-content\/uploads\/2020\/10\/AyoraConfina1-725x1024.jpeg\" alt=\"\" class=\"wp-image-117069\" srcset=\"https:\/\/www.tucomarca.com\/wordpress\/segunda\/wp-content\/uploads\/2020\/10\/AyoraConfina1-725x1024.jpeg 725w, https:\/\/www.tucomarca.com\/wordpress\/segunda\/wp-content\/uploads\/2020\/10\/AyoraConfina1-212x300.jpeg 212w, https:\/\/www.tucomarca.com\/wordpress\/segunda\/wp-content\/uploads\/2020\/10\/AyoraConfina1-768x1085.jpeg 768w, https:\/\/www.tucomarca.com\/wordpress\/segunda\/wp-content\/uploads\/2020\/10\/AyoraConfina1.jpeg 1242w\" sizes=\"auto, (max-width: 725px) 100vw, 725px\" \/><\/figure>\n\n\n\n<figure class=\"wp-block-image\"><img loading=\"lazy\" decoding=\"async\" width=\"725\" height=\"1024\" src=\"https:\/\/www.tucomarca.com\/wordpress\/segunda\/wp-content\/uploads\/2020\/10\/AyoraConfina2-725x1024.jpeg\" alt=\"\" class=\"wp-image-117067\" srcset=\"https:\/\/www.tucomarca.com\/wordpress\/segunda\/wp-content\/uploads\/2020\/10\/AyoraConfina2-725x1024.jpeg 725w, https:\/\/www.tucomarca.com\/wordpress\/segunda\/wp-content\/uploads\/2020\/10\/AyoraConfina2-212x300.jpeg 212w, https:\/\/www.tucomarca.com\/wordpress\/segunda\/wp-content\/uploads\/2020\/10\/AyoraConfina2-768x1085.jpeg 768w, https:\/\/www.tucomarca.com\/wordpress\/segunda\/wp-content\/uploads\/2020\/10\/AyoraConfina2.jpeg 1242w\" sizes=\"auto, (max-width: 725px) 100vw, 725px\" \/><\/figure>\n","protected":false},"excerpt":{"rendered":"<div class=\"mh-excerpt\">El alcalde de Ayora, Jos\u00e9 Vicente Anaya, ha emitido un bando municipal en el que recomienda a sus convecinos \u00abel auto confinamiento en sus domicilios saliendo en los casos que sea necesario, casos de urgencia, <a class=\"mh-excerpt-more\" href=\"https:\/\/www.tucomarca.com\/wordpress\/segunda\/el-alcalde-de-ayora-pide-a-sus-vecinos-que-se-auto-confinen-por-el-incremento-exponencial-de-covid-19-que-puede-ir-en-aumento-en-los-proximos-dias\/\" title=\"El alcalde de Ayora pide a sus vecinos que se auto confinen por el incremento exponencial de covid-19 que puede ir en aumento en los pr\u00f3ximos d\u00edas\">[+] <\/a><\/div>\n","protected":false},"author":1,"featured_media":114032,"comment_status":"open","ping_status":"open","sticky":false,"template":"","format":"standard","meta":{"footnotes":""},"categories":[39,38,119,12201,128,8,72,117,142,3,116,45],"tags":[10540,11937,11938,11951,12890],"class_list":{"0":"post-117059","1":"post","2":"type-post","3":"status-publish","4":"format-standard","5":"has-post-thumbnail","7":"category-ayora","8":"category-ayora-cofrentes","9":"category-sanidad-la-comarca","10":"category-covid-19","11":"category-infraestructuras","12":"category-la-comarca","13":"category-sin-categorizar","14":"category-medio-ambiente-la-comarca","15":"category-politica-la-comarca","16":"category-seccion","17":"category-sucesos-la-comarca","18":"category-ventana","19":"tag-ayora-cofrentes","20":"tag-coronavirus","21":"tag-covid-19","22":"tag-covid2019","23":"tag-jose-vicente-anaya"},"_links":{"self":[{"href":"https:\/\/www.tucomarca.com\/wordpress\/segunda\/wp-json\/wp\/v2\/posts\/117059","targetHints":{"allow":["GET"]}}],"collection":[{"href":"https:\/\/www.tucomarca.com\/wordpress\/segunda\/wp-json\/wp\/v2\/posts"}],"about":[{"href":"https:\/\/www.tucomarca.com\/wordpress\/segunda\/wp-json\/wp\/v2\/types\/post"}],"author":[{"embeddable":true,"href":"https:\/\/www.tucomarca.com\/wordpress\/segunda\/wp-json\/wp\/v2\/users\/1"}],"replies":[{"embeddable":true,"href":"https:\/\/www.tucomarca.com\/wordpress\/segunda\/wp-json\/wp\/v2\/comments?post=117059"}],"version-history":[{"count":0,"href":"https:\/\/www.tucomarca.com\/wordpress\/segunda\/wp-json\/wp\/v2\/posts\/117059\/revisions"}],"wp:featuredmedia":[{"embeddable":true,"href":"https:\/\/www.tucomarca.com\/wordpress\/segunda\/wp-json\/wp\/v2\/media\/114032"}],"wp:attachment":[{"href":"https:\/\/www.tucomarca.com\/wordpress\/segunda\/wp-json\/wp\/v2\/media?parent=117059"}],"wp:term":[{"taxonomy":"category","embeddable":true,"href":"https:\/\/www.tucomarca.com\/wordpress\/segunda\/wp-json\/wp\/v2\/categories?post=117059"},{"taxonomy":"post_tag","embeddable":true,"href":"https:\/\/www.tucomarca.com\/wordpress\/segunda\/wp-json\/wp\/v2\/tags?post=117059"}],"curies":[{"name":"wp","href":"https:\/\/api.w.org\/{rel}","templated":true}]}}