{"id":117160,"date":"2020-10-26T06:45:56","date_gmt":"2020-10-26T05:45:56","guid":{"rendered":"http:\/\/www.tucomarca.com\/wordpress\/segunda\/?p=117160"},"modified":"2020-10-26T21:10:10","modified_gmt":"2020-10-26T20:10:10","slug":"yatova-realiza-una-campana-formativa-sobre-responsabilidad-social","status":"publish","type":"post","link":"https:\/\/www.tucomarca.com\/wordpress\/segunda\/yatova-realiza-una-campana-formativa-sobre-responsabilidad-social\/","title":{"rendered":"Y\u00e1tova realiza una campa\u00f1a formativa sobre Responsabilidad Social"},"content":{"rendered":"\n<p>El Ayuntamiento del municipio de Y\u00e1tova ha realizado una campa\u00f1a informativa para compartir formaci\u00f3n con la ciudadan\u00eda en cuanto a la responsabilidad social, para eso se ha creado un v\u00eddeo formativo que  explica y detalla m\u00e1s en qu\u00e9 consisten y en qu\u00e9 se pueden traducir las distintas v\u00edas que contiene el concepto m\u00e1s amplio de la responsabilidad social tanto en su vertiente individual como asociativa y empresarial.<\/p>\n","protected":false},"excerpt":{"rendered":"<div class=\"mh-excerpt\">El Ayuntamiento del municipio de Y\u00e1tova ha realizado una campa\u00f1a informativa para compartir formaci\u00f3n con la ciudadan\u00eda en cuanto a la responsabilidad social, para eso se ha creado un v\u00eddeo formativo que explica y detalla <a class=\"mh-excerpt-more\" href=\"https:\/\/www.tucomarca.com\/wordpress\/segunda\/yatova-realiza-una-campana-formativa-sobre-responsabilidad-social\/\" title=\"Y\u00e1tova realiza una campa\u00f1a formativa sobre Responsabilidad Social\">[+] <\/a><\/div>\n","protected":false},"author":12,"featured_media":117162,"comment_status":"open","ping_status":"open","sticky":false,"template":"","format":"standard","meta":{"footnotes":""},"categories":[128,8,10,142,3,11],"tags":[5952,10380],"class_list":{"0":"post-117160","1":"post","2":"type-post","3":"status-publish","4":"format-standard","5":"has-post-thumbnail","7":"category-infraestructuras","8":"category-la-comarca","9":"category-la-hoya","10":"category-politica-la-comarca","11":"category-seccion","12":"category-yatova","13":"tag-la-hoya-de-bunol-chiva","14":"tag-yatova"},"_links":{"self":[{"href":"https:\/\/www.tucomarca.com\/wordpress\/segunda\/wp-json\/wp\/v2\/posts\/117160","targetHints":{"allow":["GET"]}}],"collection":[{"href":"https:\/\/www.tucomarca.com\/wordpress\/segunda\/wp-json\/wp\/v2\/posts"}],"about":[{"href":"https:\/\/www.tucomarca.com\/wordpress\/segunda\/wp-json\/wp\/v2\/types\/post"}],"author":[{"embeddable":true,"href":"https:\/\/www.tucomarca.com\/wordpress\/segunda\/wp-json\/wp\/v2\/users\/12"}],"replies":[{"embeddable":true,"href":"https:\/\/www.tucomarca.com\/wordpress\/segunda\/wp-json\/wp\/v2\/comments?post=117160"}],"version-history":[{"count":0,"href":"https:\/\/www.tucomarca.com\/wordpress\/segunda\/wp-json\/wp\/v2\/posts\/117160\/revisions"}],"wp:featuredmedia":[{"embeddable":true,"href":"https:\/\/www.tucomarca.com\/wordpress\/segunda\/wp-json\/wp\/v2\/media\/117162"}],"wp:attachment":[{"href":"https:\/\/www.tucomarca.com\/wordpress\/segunda\/wp-json\/wp\/v2\/media?parent=117160"}],"wp:term":[{"taxonomy":"category","embeddable":true,"href":"https:\/\/www.tucomarca.com\/wordpress\/segunda\/wp-json\/wp\/v2\/categories?post=117160"},{"taxonomy":"post_tag","embeddable":true,"href":"https:\/\/www.tucomarca.com\/wordpress\/segunda\/wp-json\/wp\/v2\/tags?post=117160"}],"curies":[{"name":"wp","href":"https:\/\/api.w.org\/{rel}","templated":true}]}}