{"id":1173,"date":"2012-05-10T02:32:30","date_gmt":"2012-05-10T02:32:30","guid":{"rendered":"http:\/\/www.tucomarca.com\/wordpress\/segunda\/?p=1173"},"modified":"2012-05-10T07:32:48","modified_gmt":"2012-05-10T07:32:48","slug":"el-psoe%e2%80%88se-reune-con-el-edil-expulsado-de-eu-y-miembros-de-la-corriente-no-reconocida-para-abordar-la-situacion-politica-local","status":"publish","type":"post","link":"https:\/\/www.tucomarca.com\/wordpress\/segunda\/el-psoe%e2%80%88se-reune-con-el-edil-expulsado-de-eu-y-miembros-de-la-corriente-no-reconocida-para-abordar-la-situacion-politica-local\/","title":{"rendered":"El PSOE\u2008se re\u00fane con el edil expulsado de EU en Bu\u00f1ol y miembros de la corriente no reconocida para abordar la situaci\u00f3n pol\u00edtica local"},"content":{"rendered":"<p>Tal como ya avanz\u00f3 <strong>tucomarca.com<\/strong> en su \u00faltima edici\u00f3n impresa (n\u00ba 447), y seg\u00fan ha podido confirmar este semanario, el Partido Socialista de Bu\u00f1ol se ha reunido d\u00edas atr\u00e1s con el concejal expulsado de EU\u2008y actualmente en el grupo de \u00abno adscritos\u00bb, Francisco Carrascosa, as\u00ed como con varios miembros m\u00e1s de la corriente no reconocida de Esquerra Unida al objeto de \u00abmantener una primera toma de contacto\u00bb, seg\u00fan las fuentes del PSOE\u2008consultadas, que permita \u00abreconducir\u00bb la delicada situaci\u00f3n pol\u00edtica que vive el consistorio, en la que actualmente el gobierno local (EU, PSOE\u2008e IA) se encuentra en minor\u00eda por la expulsi\u00f3n del grupo de EU de los ediles Francisco Carrascosa y Laura Carrascosa.<\/p>\n<p>Las fuentes socialistas consultadas han confirmado adem\u00e1s que en esta reuni\u00f3n \u2014realizada a iniciativa del PSOE y desarrollada por tanto en su sede local\u2014 estuvo presente el propio Secretario General de los Socialistas de Bu\u00f1ol, Aurelio Palmer.<\/p>\n<p>La invitaci\u00f3n de los socialistas surge al entender que es necesario abrir una nueva puerta al entendimiento al \u00abhaber llegado a un punto al que no quer\u00edamos llegar\u00bb y al constatarse que \u00abpor medio del insulto no se llega a ning\u00fan sitio\u00bb.<\/p>\n<p>\u00abSomos todos de Bu\u00f1ol, nos conocemos y creemos que, aunque su comportamiento no ha sido el adecuado \u2014en referencia a Francisco Carrascosa y a Laura Carrascosa\u2014, en estos momentos se puede trabajar\u00a0 y colaborar, por lo que van a tener las puertas abiertas y los tel\u00e9fonos de los concejales y del partido a su disposici\u00f3n. Quien haya dado el paso para que esta reuni\u00f3n informal se realizara creemos que es secundario, ya que lo importante aqu\u00ed es que esta reuni\u00f3n se ten\u00eda que dar; fuera por nuestra parte o por la suya. En todo caso, si ha acontecido es porque hemos entendido que se nos hab\u00edan dado indicios para que as\u00ed fuera\u00bb, han a\u00f1adido las fuentes consultadas por tucomarca.com.<\/p>\n<p>Como ejemplo de lo que se aspira a llegar en lo sucesivo se ha citado la propuesta elevada en el \u00faltimo pleno por edil Francisco Carrascosa referida a los vados y que fue recogida para su estudio por el concejal Jaime Tortajada (PSOE).<\/p>\n<p>\u00abNo compartimos la forma de actuaci\u00f3n de Paco Carrascosa y Laura, por lo que entendemos que est\u00e9n fuera del equipo de gobierno. Sin embargo, consideramos que esto no impide que podamos mantener una relaci\u00f3n de trabajo en el Ayuntamiento. Es a este nivel al que se ha hablado y no a otro\u00bb, han precisado desde el PSOE. Adem\u00e1s, se ha querido dejar meridianamente claro que \u00aben ning\u00fan\u00a0 caso se habl\u00f3 de la situaci\u00f3n actual del gobierno local\u00bb o de temas que tengan que ver con el tripartito.<\/p>\n<p>Consultado al respecto, el Coordinador Local de Esquerra Unida, Rafael P\u00e9rez, ha manifestado \u00abtener conocimiento\u00bb de este encuentro, \u00abpor lo que se ha solicitado una reuni\u00f3n con los responsables org\u00e1nicos del Partido Socialista para que nos expliquen el contenido de la misma\u00bb, en palabras del coordinador.<br \/>\nUna vez recabada la informaci\u00f3n, el coordinador tiene previsto elevarla al Consejo Pol\u00edtico Local \u00abpara que sea este \u00f3rgano interno el que decida los pasos a dar por la formaci\u00f3n en el futuro\u00bb.<\/p>\n<p>Este semanario se ha puesto en contacto adem\u00e1s con el concejal Francisco Carrascosa para abordar la cuesti\u00f3n, aunque \u00e9ste ha declinado realizar, de momento, cualquier declaraci\u00f3n sobre el tema.<\/p>\n","protected":false},"excerpt":{"rendered":"<div class=\"mh-excerpt\">Tal como ya avanz\u00f3 tucomarca.com en su \u00faltima edici\u00f3n impresa (n\u00ba 447), y seg\u00fan ha podido confirmar este semanario, el Partido Socialista de Bu\u00f1ol se ha reunido d\u00edas atr\u00e1s con el concejal expulsado de EU\u2008y <a class=\"mh-excerpt-more\" href=\"https:\/\/www.tucomarca.com\/wordpress\/segunda\/el-psoe%e2%80%88se-reune-con-el-edil-expulsado-de-eu-y-miembros-de-la-corriente-no-reconocida-para-abordar-la-situacion-politica-local\/\" title=\"El PSOE\u2008se re\u00fane con el edil expulsado de EU en Bu\u00f1ol y miembros de la corriente no reconocida para abordar la situaci\u00f3n pol\u00edtica local\">[+] <\/a><\/div>\n","protected":false},"author":1,"featured_media":0,"comment_status":"open","ping_status":"open","sticky":false,"template":"","format":"standard","meta":{"footnotes":""},"categories":[18,8,10,3],"tags":[32],"class_list":{"0":"post-1173","1":"post","2":"type-post","3":"status-publish","4":"format-standard","6":"category-bunol","7":"category-la-comarca","8":"category-la-hoya","9":"category-seccion","10":"tag-politica"},"_links":{"self":[{"href":"https:\/\/www.tucomarca.com\/wordpress\/segunda\/wp-json\/wp\/v2\/posts\/1173","targetHints":{"allow":["GET"]}}],"collection":[{"href":"https:\/\/www.tucomarca.com\/wordpress\/segunda\/wp-json\/wp\/v2\/posts"}],"about":[{"href":"https:\/\/www.tucomarca.com\/wordpress\/segunda\/wp-json\/wp\/v2\/types\/post"}],"author":[{"embeddable":true,"href":"https:\/\/www.tucomarca.com\/wordpress\/segunda\/wp-json\/wp\/v2\/users\/1"}],"replies":[{"embeddable":true,"href":"https:\/\/www.tucomarca.com\/wordpress\/segunda\/wp-json\/wp\/v2\/comments?post=1173"}],"version-history":[{"count":0,"href":"https:\/\/www.tucomarca.com\/wordpress\/segunda\/wp-json\/wp\/v2\/posts\/1173\/revisions"}],"wp:attachment":[{"href":"https:\/\/www.tucomarca.com\/wordpress\/segunda\/wp-json\/wp\/v2\/media?parent=1173"}],"wp:term":[{"taxonomy":"category","embeddable":true,"href":"https:\/\/www.tucomarca.com\/wordpress\/segunda\/wp-json\/wp\/v2\/categories?post=1173"},{"taxonomy":"post_tag","embeddable":true,"href":"https:\/\/www.tucomarca.com\/wordpress\/segunda\/wp-json\/wp\/v2\/tags?post=1173"}],"curies":[{"name":"wp","href":"https:\/\/api.w.org\/{rel}","templated":true}]}}