{"id":117622,"date":"2020-10-29T12:05:49","date_gmt":"2020-10-29T11:05:49","guid":{"rendered":"http:\/\/www.tucomarca.com\/wordpress\/segunda\/?p=117622"},"modified":"2020-10-29T21:07:56","modified_gmt":"2020-10-29T20:07:56","slug":"el-portal-municipal-de-utiel-implanta-un-sistema-avanzado-de-accesibilidad-web","status":"publish","type":"post","link":"https:\/\/www.tucomarca.com\/wordpress\/segunda\/el-portal-municipal-de-utiel-implanta-un-sistema-avanzado-de-accesibilidad-web\/","title":{"rendered":"El portal municipal de Utiel implanta un sistema avanzado de accesibilidad web"},"content":{"rendered":"\n<h4 class=\"wp-block-heading\">La Conselleria de Participaci\u00f3n, Transparencia, Cooperaci\u00f3n y Calidad Democr\u00e1tica ha subvencionado con 5.000 \u20ac esta adaptaci\u00f3n en la web&nbsp; <a href=\"http:\/\/www.utiel.es\">www.utiel.es<\/a> , lo que permitir\u00e1 un acceso universal sin barreras para toda la ciudadan\u00eda.<\/h4>\n\n\n\n<p>El portal del Ayuntamiento de Utiel <a href=\"http:\/\/www.utiel.es\">www.utiel.es<\/a> contar\u00e1 en breve con la adaptaci\u00f3n a la normativa sobre accesibilidad web lo que permitir\u00e1 una mayor usabilidad a la ciudadan\u00eda.<\/p>\n\n\n\n<p>El proyecto, subvencionado por la Conselleria de Participaci\u00f3n, Transparencia, Cooperaci\u00f3n y Calidad Democr\u00e1tica con un importe de 5.000 \u20ac, ya se ha finalizado y en pr\u00f3ximas fechas estar\u00e1 activo, facilitando as\u00ed el acceso universal a la&nbsp;<a href=\"http:\/\/es.wikipedia.org\/wiki\/Web\">web<\/a> independientemente de la diversidades funcionales que puedan tener los usuarios ( motrices,&nbsp; cognitivas, visuales, auditivas\u2026)<\/p>\n\n\n\n<p>En concreto, el Portal de transparencia ser\u00e1 el primero en adecuarse a la normativa de accesibilidad y posteriormente lo har\u00e1 tambi\u00e9n la Web municipal.<\/p>\n\n\n\n<p>En <a href=\"http:\/\/www.utiel.es\/transparencia\">www.utiel.es\/transparencia<\/a> la ciudadan\u00eda tiene a su disposici\u00f3n&nbsp; informaci\u00f3n relativa a la gesti\u00f3n de la administraci\u00f3n local (presupuestos, normativa municipal, empleo p\u00fablico, datos de inter\u00e9s p\u00fablico\u2026) y con esta adaptaci\u00f3n la p\u00e1gina alcanzar\u00e1 uno de sus principales objetivos: La universalizaci\u00f3n de la informaci\u00f3n, consiguiendo que todos los ciudadanos y ciudadanas puedan navegar por el portal sin encontrar dificultades de acceso.&nbsp;<\/p>\n\n\n\n<p><strong>Dise\u00f1o Responsive: Adaptaci\u00f3n a dispositivos m\u00f3viles<\/strong><\/p>\n\n\n\n<p>La p\u00e1gina web del Ayuntamiento de Utiel se visualizar\u00e1 correctamente en los dispositivos m\u00f3viles utilizando un dise\u00f1o adaptativo (responsive) a las caracter\u00edsticas y posibilidades de cada terminal.<\/p>\n\n\n\n<p>La p\u00e1gina es compatible con los navegadores m\u00e1s comunes: Microsoft Edge (sustituto y evoluci\u00f3n del Internet Explorer), Chrome y Firefox porque est\u00e1 basada en el uso de tecnolog\u00edas HTML5 centradas en est\u00e1ndares de programaci\u00f3n.&nbsp;<\/p>\n\n\n\n<p>El portal ofrece vistas web compatibles EN 301 549 v2.1.2 (2018-08)&nbsp; y se ajusta a las pautas definidas por el grupo de trabajo permanente&nbsp;<a href=\"http:\/\/www.w3.org\/WAI\/\">Web Accessibility Initiative (WAI)<\/a>&nbsp; para su&nbsp;<a href=\"http:\/\/www.w3.org\/TR\/WCAG20\/\">nivel AA<\/a>, (intermedio) respetando los criterios m\u00e1s avanzados como la audio descripci\u00f3n o el tama\u00f1o de texto aumentable entre otros.<\/p>\n\n\n\n<p>La web incorpora la declaraci\u00f3n y el formulario de quejas y reclamaciones sobre accesibilidad y adem\u00e1s el Ayuntamiento de Utiel facilitar\u00e1 el preceptivo informe sobre accesibilidad al Observatorio de Accesibilidad, iniciativa del Ministerio de Asuntos Econ\u00f3micos y Transformaci\u00f3n Digital.<\/p>\n\n\n\n<p><strong>Accesibilidad web&nbsp;<\/strong><\/p>\n\n\n\n<p>Las barreras tambi\u00e9n existen en Internet por lo que las webs accesibles son imprescindibles para romper las limitaciones que personas con dificultades motrices, sensoriales o cognitivas pueden encontrarse a la hora de acceder a la informaci\u00f3n en la red.&nbsp;<\/p>\n\n\n\n<p>Actualmente, la mayor\u00eda de los sitios web y los softwares web presentan barreras de accesibilidad, lo que dificulta o imposibilita su utilizaci\u00f3n a miles de personas con diversidad funcional.<\/p>\n\n\n\n<p>Por evitar esta situaci\u00f3n, los criterios de usabilidad y accesibilidad universal han centrado la adaptaci\u00f3n del portal de transparencia de Utiel, facilitando un acceso a la informaci\u00f3n equitativo y en igualdad de oportunidades para toda la ciudadan\u00eda.<br><\/p>\n","protected":false},"excerpt":{"rendered":"<div class=\"mh-excerpt\">La Conselleria de Participaci\u00f3n, Transparencia, Cooperaci\u00f3n y Calidad Democr\u00e1tica ha subvencionado con 5.000 \u20ac esta adaptaci\u00f3n en la web&nbsp; www.utiel.es , lo que permitir\u00e1 un acceso universal sin barreras para toda la ciudadan\u00eda. El portal <a class=\"mh-excerpt-more\" href=\"https:\/\/www.tucomarca.com\/wordpress\/segunda\/el-portal-municipal-de-utiel-implanta-un-sistema-avanzado-de-accesibilidad-web\/\" title=\"El portal municipal de Utiel implanta un sistema avanzado de accesibilidad web\">[+] <\/a><\/div>\n","protected":false},"author":12,"featured_media":117629,"comment_status":"open","ping_status":"open","sticky":false,"template":"","format":"standard","meta":{"footnotes":""},"categories":[128,8,142,27,3,29],"tags":[10387,2510,10389],"class_list":{"0":"post-117622","1":"post","2":"type-post","3":"status-publish","4":"format-standard","5":"has-post-thumbnail","7":"category-infraestructuras","8":"category-la-comarca","9":"category-politica-la-comarca","10":"category-requena-utiel","11":"category-seccion","12":"category-utiel","13":"tag-requena-utiel","14":"tag-transparencia","15":"tag-utiel"},"_links":{"self":[{"href":"https:\/\/www.tucomarca.com\/wordpress\/segunda\/wp-json\/wp\/v2\/posts\/117622","targetHints":{"allow":["GET"]}}],"collection":[{"href":"https:\/\/www.tucomarca.com\/wordpress\/segunda\/wp-json\/wp\/v2\/posts"}],"about":[{"href":"https:\/\/www.tucomarca.com\/wordpress\/segunda\/wp-json\/wp\/v2\/types\/post"}],"author":[{"embeddable":true,"href":"https:\/\/www.tucomarca.com\/wordpress\/segunda\/wp-json\/wp\/v2\/users\/12"}],"replies":[{"embeddable":true,"href":"https:\/\/www.tucomarca.com\/wordpress\/segunda\/wp-json\/wp\/v2\/comments?post=117622"}],"version-history":[{"count":0,"href":"https:\/\/www.tucomarca.com\/wordpress\/segunda\/wp-json\/wp\/v2\/posts\/117622\/revisions"}],"wp:featuredmedia":[{"embeddable":true,"href":"https:\/\/www.tucomarca.com\/wordpress\/segunda\/wp-json\/wp\/v2\/media\/117629"}],"wp:attachment":[{"href":"https:\/\/www.tucomarca.com\/wordpress\/segunda\/wp-json\/wp\/v2\/media?parent=117622"}],"wp:term":[{"taxonomy":"category","embeddable":true,"href":"https:\/\/www.tucomarca.com\/wordpress\/segunda\/wp-json\/wp\/v2\/categories?post=117622"},{"taxonomy":"post_tag","embeddable":true,"href":"https:\/\/www.tucomarca.com\/wordpress\/segunda\/wp-json\/wp\/v2\/tags?post=117622"}],"curies":[{"name":"wp","href":"https:\/\/api.w.org\/{rel}","templated":true}]}}