{"id":117714,"date":"2020-10-29T13:30:45","date_gmt":"2020-10-29T12:30:45","guid":{"rendered":"http:\/\/www.tucomarca.com\/wordpress\/segunda\/?p=117714"},"modified":"2020-10-29T21:13:39","modified_gmt":"2020-10-29T20:13:39","slug":"el-precio-del-aceite-de-oliva-sube-algo-mas-de-un-10-en-pocas-semanas","status":"publish","type":"post","link":"https:\/\/www.tucomarca.com\/wordpress\/segunda\/el-precio-del-aceite-de-oliva-sube-algo-mas-de-un-10-en-pocas-semanas\/","title":{"rendered":"El precio del aceite de oliva sube algo m\u00e1s de un 10% en pocas semanas"},"content":{"rendered":"\n<p>El vicesecretario de la Uni\u00f3 de Llauradors, Luis Javier Navarro confirm\u00f3 que \u201cse est\u00e1 produciendo una subida, en origen, de los precios del aceite de oliva, aunque poco significativa, por el momento\u201d. Sobre este asunto concret\u00f3 que \u201clos agricultores de la comarca Requena-Utiel est\u00e1n vendiendo el envase de 5 litros de capacidad a 20 euros\u201d. Cabe recordar que hace pocas semanas se cotizaba a 18.<\/p>\n\n\n\n<p>A pesar de todo, las cotizaciones del aceite est\u00e1n alejadas todav\u00eda de las que proporcionar\u00edan una rentabilidad \u00f3ptima para el cultivo de los olivos, seg\u00fan afirman los productores.<\/p>\n\n\n\n<p>Desde hace cuatro a\u00f1os que se inici\u00f3 una fuerte ca\u00edda de los precios del aceite de oliva, en las comarcas del interior de la Comunidad Valenciana, se han abandonado muchas hect\u00e1reas de olivos. Parte de ellas, se est\u00e1n ofreciendo para el cultivo en arrendamiento; pero debido a los bajos precios que se paga el aceite, no hay interesados en cultivarlas. Informa, <strong>Luis Ib\u00e1\u00f1ez.<\/strong><\/p>\n","protected":false},"excerpt":{"rendered":"<div class=\"mh-excerpt\">El vicesecretario de la Uni\u00f3 de Llauradors, Luis Javier Navarro confirm\u00f3 que \u201cse est\u00e1 produciendo una subida, en origen, de los precios del aceite de oliva, aunque poco significativa, por el momento\u201d. Sobre este asunto <a class=\"mh-excerpt-more\" href=\"https:\/\/www.tucomarca.com\/wordpress\/segunda\/el-precio-del-aceite-de-oliva-sube-algo-mas-de-un-10-en-pocas-semanas\/\" title=\"El precio del aceite de oliva sube algo m\u00e1s de un 10% en pocas semanas\">[+] <\/a><\/div>\n","protected":false},"author":12,"featured_media":117719,"comment_status":"open","ping_status":"open","sticky":false,"template":"","format":"standard","meta":{"footnotes":""},"categories":[169,8,117,28,27,3],"tags":[11926,10388,10387],"class_list":{"0":"post-117714","1":"post","2":"type-post","3":"status-publish","4":"format-standard","5":"has-post-thumbnail","7":"category-agricultura-la-comarca","8":"category-la-comarca","9":"category-medio-ambiente-la-comarca","10":"category-requena","11":"category-requena-utiel","12":"category-seccion","13":"tag-la-unio-de-llauradors","14":"tag-requena","15":"tag-requena-utiel"},"_links":{"self":[{"href":"https:\/\/www.tucomarca.com\/wordpress\/segunda\/wp-json\/wp\/v2\/posts\/117714","targetHints":{"allow":["GET"]}}],"collection":[{"href":"https:\/\/www.tucomarca.com\/wordpress\/segunda\/wp-json\/wp\/v2\/posts"}],"about":[{"href":"https:\/\/www.tucomarca.com\/wordpress\/segunda\/wp-json\/wp\/v2\/types\/post"}],"author":[{"embeddable":true,"href":"https:\/\/www.tucomarca.com\/wordpress\/segunda\/wp-json\/wp\/v2\/users\/12"}],"replies":[{"embeddable":true,"href":"https:\/\/www.tucomarca.com\/wordpress\/segunda\/wp-json\/wp\/v2\/comments?post=117714"}],"version-history":[{"count":0,"href":"https:\/\/www.tucomarca.com\/wordpress\/segunda\/wp-json\/wp\/v2\/posts\/117714\/revisions"}],"wp:featuredmedia":[{"embeddable":true,"href":"https:\/\/www.tucomarca.com\/wordpress\/segunda\/wp-json\/wp\/v2\/media\/117719"}],"wp:attachment":[{"href":"https:\/\/www.tucomarca.com\/wordpress\/segunda\/wp-json\/wp\/v2\/media?parent=117714"}],"wp:term":[{"taxonomy":"category","embeddable":true,"href":"https:\/\/www.tucomarca.com\/wordpress\/segunda\/wp-json\/wp\/v2\/categories?post=117714"},{"taxonomy":"post_tag","embeddable":true,"href":"https:\/\/www.tucomarca.com\/wordpress\/segunda\/wp-json\/wp\/v2\/tags?post=117714"}],"curies":[{"name":"wp","href":"https:\/\/api.w.org\/{rel}","templated":true}]}}