{"id":117960,"date":"2020-10-31T18:01:40","date_gmt":"2020-10-31T17:01:40","guid":{"rendered":"http:\/\/www.tucomarca.com\/wordpress\/segunda\/?p=117960"},"modified":"2020-11-01T13:24:04","modified_gmt":"2020-11-01T12:24:04","slug":"el-ayuntamiento-de-yatova-gestiona-dos-importantes-subvenciones-para-la-rehabilitacion-de-viviendas","status":"publish","type":"post","link":"https:\/\/www.tucomarca.com\/wordpress\/segunda\/el-ayuntamiento-de-yatova-gestiona-dos-importantes-subvenciones-para-la-rehabilitacion-de-viviendas\/","title":{"rendered":"El Ayuntamiento de Y\u00e1tova gestiona dos importantes subvenciones para la rehabilitaci\u00f3n de viviendas"},"content":{"rendered":"\n<p>El Ayuntamiento de Y\u00e1tova ha realizado la gesti\u00f3n de dos importantes subvenciones con la Conselleria de Vivienda y Arquitectura Bioclim\u00e1tica, una de 150.000 euros para el a\u00f1o 2021 y otra de 290.000 euros para 2022.<\/p>\n\n\n\n<p>Deben destinarse a la reforma de las viviendas situadas en la Calle Germ\u00e1n Burriel, para dotarlas de medios de eficiencia energ\u00e9tica y que tengan un uso social en beneficio del vecindario.<\/p>\n\n\n\n<p>Desde el consistorio han expresado su ilusi\u00f3n por esta gesti\u00f3n para as\u00ed poder llevar a cabo iniciativas p\u00fablicas que den a la poblaci\u00f3n, especialmente a las generaciones m\u00e1s j\u00f3venes, un motivo m\u00e1s para quedarse en el pueblo y llevar a cabo en Y\u00e1tova su proyecto de vida.<\/p>\n","protected":false},"excerpt":{"rendered":"<div class=\"mh-excerpt\">El Ayuntamiento de Y\u00e1tova ha realizado la gesti\u00f3n de dos importantes subvenciones con la Conselleria de Vivienda y Arquitectura Bioclim\u00e1tica, una de 150.000 euros para el a\u00f1o 2021 y otra de 290.000 euros para 2022. <a class=\"mh-excerpt-more\" href=\"https:\/\/www.tucomarca.com\/wordpress\/segunda\/el-ayuntamiento-de-yatova-gestiona-dos-importantes-subvenciones-para-la-rehabilitacion-de-viviendas\/\" title=\"El Ayuntamiento de Y\u00e1tova gestiona dos importantes subvenciones para la rehabilitaci\u00f3n de viviendas\">[+] <\/a><\/div>\n","protected":false},"author":12,"featured_media":117962,"comment_status":"open","ping_status":"open","sticky":false,"template":"","format":"standard","meta":{"footnotes":""},"categories":[128,8,10,142,3,11],"tags":[5952,10380],"class_list":{"0":"post-117960","1":"post","2":"type-post","3":"status-publish","4":"format-standard","5":"has-post-thumbnail","7":"category-infraestructuras","8":"category-la-comarca","9":"category-la-hoya","10":"category-politica-la-comarca","11":"category-seccion","12":"category-yatova","13":"tag-la-hoya-de-bunol-chiva","14":"tag-yatova"},"_links":{"self":[{"href":"https:\/\/www.tucomarca.com\/wordpress\/segunda\/wp-json\/wp\/v2\/posts\/117960","targetHints":{"allow":["GET"]}}],"collection":[{"href":"https:\/\/www.tucomarca.com\/wordpress\/segunda\/wp-json\/wp\/v2\/posts"}],"about":[{"href":"https:\/\/www.tucomarca.com\/wordpress\/segunda\/wp-json\/wp\/v2\/types\/post"}],"author":[{"embeddable":true,"href":"https:\/\/www.tucomarca.com\/wordpress\/segunda\/wp-json\/wp\/v2\/users\/12"}],"replies":[{"embeddable":true,"href":"https:\/\/www.tucomarca.com\/wordpress\/segunda\/wp-json\/wp\/v2\/comments?post=117960"}],"version-history":[{"count":0,"href":"https:\/\/www.tucomarca.com\/wordpress\/segunda\/wp-json\/wp\/v2\/posts\/117960\/revisions"}],"wp:featuredmedia":[{"embeddable":true,"href":"https:\/\/www.tucomarca.com\/wordpress\/segunda\/wp-json\/wp\/v2\/media\/117962"}],"wp:attachment":[{"href":"https:\/\/www.tucomarca.com\/wordpress\/segunda\/wp-json\/wp\/v2\/media?parent=117960"}],"wp:term":[{"taxonomy":"category","embeddable":true,"href":"https:\/\/www.tucomarca.com\/wordpress\/segunda\/wp-json\/wp\/v2\/categories?post=117960"},{"taxonomy":"post_tag","embeddable":true,"href":"https:\/\/www.tucomarca.com\/wordpress\/segunda\/wp-json\/wp\/v2\/tags?post=117960"}],"curies":[{"name":"wp","href":"https:\/\/api.w.org\/{rel}","templated":true}]}}