{"id":117978,"date":"2020-10-31T20:05:38","date_gmt":"2020-10-31T19:05:38","guid":{"rendered":"http:\/\/www.tucomarca.com\/wordpress\/segunda\/?p=117978"},"modified":"2020-11-01T13:11:29","modified_gmt":"2020-11-01T12:11:29","slug":"sanidad-confina-la-residencia-universitaria-ausias-march-de-valencia-tras-detectar-72-casos-positivos","status":"publish","type":"post","link":"https:\/\/www.tucomarca.com\/wordpress\/segunda\/sanidad-confina-la-residencia-universitaria-ausias-march-de-valencia-tras-detectar-72-casos-positivos\/","title":{"rendered":"Sanidad confina la residencia universitaria Ausias March de Val\u00e8ncia tras detectar 72 casos positivos"},"content":{"rendered":"\n<p>La consellera de Sanitat Universal i Salut P\u00fablica, Ana Barcel\u00f3, ha dictado una resoluci\u00f3n mediante la cual ordena el confinamiento de la residencia universitaria \u00abAusias March\u00bb de Val\u00e8ncia donde, tras realizarse un cribado a todos los residentes, 72 de ellos han dado positivo.<\/p>\n\n\n\n<p>La Direcci\u00f3n General de Salud P\u00fablica investiga el origen brote. Se ha activado el protocolo y los residentes deber\u00e1n permanecer en aislamiento durante un periodo de 10 d\u00edas.<\/p>\n\n\n\n<p><strong>Datos de evoluci\u00f3n del coronavirus<\/strong><\/p>\n\n\n\n<p>Desde la \u00faltima actualizaci\u00f3n, se han registrado 1.431 nuevos contagios de coronavirus confirmados por prueba PCR o prueba de ant\u00edgenos en la Comunitat Valenciana, que sit\u00faan la cifra total de positivos en 63.073 personas. Por provincias, la distribuci\u00f3n es la siguiente: 199 en Castell\u00f3n (6.961 en total); 429 en Alicante (21.799 en total), y 775 en la provincia de Valencia (34.283 en total). Adem\u00e1s, se han registrado 28 casos sin asignar, con lo que el n\u00famero total asciende a 30.<\/p>\n\n\n\n<p><strong>Actualizaci\u00f3n brotes de coronavirus<\/strong><\/p>\n\n\n\n<p><strong>Nuevos brotes: 25<\/strong><\/p>\n\n\n\n<p>\u00b7 Onda: 7 casos. Origen social<\/p>\n\n\n\n<p><strong>\u00b7 Onda: 3 casos. Origen laboral<\/strong><\/p>\n\n\n\n<p><strong>\u00b7 Onda: 5 casos. Origen social<\/strong><\/p>\n\n\n\n<p><strong>\u00b7 Castell\u00f3 de la Plana: 3 casos. Origen social<\/strong><\/p>\n\n\n\n<p><strong>\u00b7 L&#8217;Olleria: 5 casos. Origen social<\/strong><\/p>\n\n\n\n<p><strong>\u00b7 L&#8217;Olleria: 5 casos. Origen social<\/strong><\/p>\n\n\n\n<p><strong>\u00b7 Picassent: 18 casos. Origen social<\/strong><\/p>\n\n\n\n<p><strong>\u00b7 Pu\u00e7ol: 5 casos. Origen social&nbsp;<\/strong><\/p>\n\n\n\n<p><strong>\u00b7 Vila-real: 3 casos. Origen social<\/strong><\/p>\n\n\n\n<p><strong>\u00b7 Elx: 3 casos. Origen social<\/strong><\/p>\n\n\n\n<p><strong>\u00b7 Elx: 5 casos. Origen laboral&nbsp;<\/strong><\/p>\n\n\n\n<p><strong>\u00b7 Elx: 8 casos. Origen social&nbsp;<\/strong><\/p>\n\n\n\n<p><strong>\u00b7 Llucena del Cid: 3 casos. Origen social<\/strong><\/p>\n\n\n\n<p><strong>\u00b7 Val\u00e8ncia: 4 casos. Origen social<\/strong><\/p>\n\n\n\n<p><strong>\u00b7 Adzeneta d&#8217;Albaida: 8 casos. Origen social<\/strong><\/p>\n\n\n\n<p><strong>\u00b7 Albaida: 3 casos. \u00c1mbito educativo<\/strong><\/p>\n\n\n\n<p><strong>\u00b7 Alicante: 5 casos. Origen social<\/strong><\/p>\n\n\n\n<p><strong>\u00b7 Sedav\u00ed: 8 casos. Origen social<\/strong><\/p>\n\n\n\n<p><strong>\u00b7 Alcoi: 3 casos. Origen social<\/strong><\/p>\n\n\n\n<p><strong>\u00b7 Ontinyent: 3 casos. \u00c1mbito educativo<\/strong><\/p>\n\n\n\n<p><strong>\u00b7 Ontinyent: 3 casos. Origen social<\/strong><\/p>\n\n\n\n<p><strong>\u00b7 Algemes\u00ed: 12 casos. Origen laboral<\/strong><\/p>\n\n\n\n<p><strong>\u00b7 Massanassa: 6 casos. Origen social<\/strong><\/p>\n\n\n\n<p><strong>\u00b7 El Puig de Santa Mar: 3 casos. Origen social<\/strong><\/p>\n\n\n\n<p><strong>\u00b7 La Vall d&#8217;Uix\u00f2: 4 casos. Origen social<\/strong><\/p>\n","protected":false},"excerpt":{"rendered":"<div class=\"mh-excerpt\">La consellera de Sanitat Universal i Salut P\u00fablica, Ana Barcel\u00f3, ha dictado una resoluci\u00f3n mediante la cual ordena el confinamiento de la residencia universitaria \u00abAusias March\u00bb de Val\u00e8ncia donde, tras realizarse un cribado a todos <a class=\"mh-excerpt-more\" href=\"https:\/\/www.tucomarca.com\/wordpress\/segunda\/sanidad-confina-la-residencia-universitaria-ausias-march-de-valencia-tras-detectar-72-casos-positivos\/\" title=\"Sanidad confina la residencia universitaria Ausias March de Val\u00e8ncia tras detectar 72 casos positivos\">[+] <\/a><\/div>\n","protected":false},"author":1,"featured_media":117979,"comment_status":"open","ping_status":"open","sticky":false,"template":"","format":"standard","meta":{"footnotes":""},"categories":[119,12201,128,8,72,117,142,3,116,45],"tags":[12940,11937,11938],"class_list":{"0":"post-117978","1":"post","2":"type-post","3":"status-publish","4":"format-standard","5":"has-post-thumbnail","7":"category-sanidad-la-comarca","8":"category-covid-19","9":"category-infraestructuras","10":"category-la-comarca","11":"category-sin-categorizar","12":"category-medio-ambiente-la-comarca","13":"category-politica-la-comarca","14":"category-seccion","15":"category-sucesos-la-comarca","16":"category-ventana","17":"tag-ausias-march","18":"tag-coronavirus","19":"tag-covid-19"},"_links":{"self":[{"href":"https:\/\/www.tucomarca.com\/wordpress\/segunda\/wp-json\/wp\/v2\/posts\/117978","targetHints":{"allow":["GET"]}}],"collection":[{"href":"https:\/\/www.tucomarca.com\/wordpress\/segunda\/wp-json\/wp\/v2\/posts"}],"about":[{"href":"https:\/\/www.tucomarca.com\/wordpress\/segunda\/wp-json\/wp\/v2\/types\/post"}],"author":[{"embeddable":true,"href":"https:\/\/www.tucomarca.com\/wordpress\/segunda\/wp-json\/wp\/v2\/users\/1"}],"replies":[{"embeddable":true,"href":"https:\/\/www.tucomarca.com\/wordpress\/segunda\/wp-json\/wp\/v2\/comments?post=117978"}],"version-history":[{"count":0,"href":"https:\/\/www.tucomarca.com\/wordpress\/segunda\/wp-json\/wp\/v2\/posts\/117978\/revisions"}],"wp:featuredmedia":[{"embeddable":true,"href":"https:\/\/www.tucomarca.com\/wordpress\/segunda\/wp-json\/wp\/v2\/media\/117979"}],"wp:attachment":[{"href":"https:\/\/www.tucomarca.com\/wordpress\/segunda\/wp-json\/wp\/v2\/media?parent=117978"}],"wp:term":[{"taxonomy":"category","embeddable":true,"href":"https:\/\/www.tucomarca.com\/wordpress\/segunda\/wp-json\/wp\/v2\/categories?post=117978"},{"taxonomy":"post_tag","embeddable":true,"href":"https:\/\/www.tucomarca.com\/wordpress\/segunda\/wp-json\/wp\/v2\/tags?post=117978"}],"curies":[{"name":"wp","href":"https:\/\/api.w.org\/{rel}","templated":true}]}}