{"id":118008,"date":"2020-11-01T23:00:49","date_gmt":"2020-11-01T22:00:49","guid":{"rendered":"http:\/\/www.tucomarca.com\/wordpress\/segunda\/?p=118008"},"modified":"2020-11-02T22:17:23","modified_gmt":"2020-11-02T21:17:23","slug":"actos-vandalicos-dejan-5-contenedores-quemados-en-requena","status":"publish","type":"post","link":"https:\/\/www.tucomarca.com\/wordpress\/segunda\/actos-vandalicos-dejan-5-contenedores-quemados-en-requena\/","title":{"rendered":"Actos vand\u00e1licos dejan 5 contenedores quemados en Requena"},"content":{"rendered":"\n<p>Seg\u00fan un comunicado del Ayuntamiento de Requena, se han producido actos vand\u00e1licos por parte de una persona que las fuerzas de seguridad no han podido detener; pero trabajan en su identificaci\u00f3n. Esta persona, que se cree que actu\u00f3 en solitario, incendi\u00f3 5 contenedores por toda la zona urbana de Requena, incumpliendo adem\u00e1s las restricciones de movilidad nocturna.<\/p>\n\n\n\n<p>Por culpa de esta acci\u00f3n \u00abpodr\u00edan haber ardido veh\u00edculos de particulares que estaban estacionados en la v\u00eda p\u00fablica, adem\u00e1s del perjuicio ocasionado con sus acciones a toda la ciudadan\u00eda de Requena\u00bb advierten desde el Ayuntamiento. Por todo ello, se pone a disposici\u00f3n de toda la poblaci\u00f3n el tel\u00e9fono de la Polic\u00eda Local de Requena (962301325) por si&nbsp; los vecinos observan a alguna persona quebrantando las restricciones de movilidad nocturna. Informa, <strong>Luis Ib\u00e1\u00f1ez.<\/strong><\/p>\n","protected":false},"excerpt":{"rendered":"<div class=\"mh-excerpt\">Seg\u00fan un comunicado del Ayuntamiento de Requena, se han producido actos vand\u00e1licos por parte de una persona que las fuerzas de seguridad no han podido detener; pero trabajan en su identificaci\u00f3n. Esta persona, que se <a class=\"mh-excerpt-more\" href=\"https:\/\/www.tucomarca.com\/wordpress\/segunda\/actos-vandalicos-dejan-5-contenedores-quemados-en-requena\/\" title=\"Actos vand\u00e1licos dejan 5 contenedores quemados en Requena\">[+] <\/a><\/div>\n","protected":false},"author":12,"featured_media":118010,"comment_status":"open","ping_status":"open","sticky":false,"template":"","format":"standard","meta":{"footnotes":""},"categories":[128,8,28,27,3,116],"tags":[10388,10387],"class_list":{"0":"post-118008","1":"post","2":"type-post","3":"status-publish","4":"format-standard","5":"has-post-thumbnail","7":"category-infraestructuras","8":"category-la-comarca","9":"category-requena","10":"category-requena-utiel","11":"category-seccion","12":"category-sucesos-la-comarca","13":"tag-requena","14":"tag-requena-utiel"},"_links":{"self":[{"href":"https:\/\/www.tucomarca.com\/wordpress\/segunda\/wp-json\/wp\/v2\/posts\/118008","targetHints":{"allow":["GET"]}}],"collection":[{"href":"https:\/\/www.tucomarca.com\/wordpress\/segunda\/wp-json\/wp\/v2\/posts"}],"about":[{"href":"https:\/\/www.tucomarca.com\/wordpress\/segunda\/wp-json\/wp\/v2\/types\/post"}],"author":[{"embeddable":true,"href":"https:\/\/www.tucomarca.com\/wordpress\/segunda\/wp-json\/wp\/v2\/users\/12"}],"replies":[{"embeddable":true,"href":"https:\/\/www.tucomarca.com\/wordpress\/segunda\/wp-json\/wp\/v2\/comments?post=118008"}],"version-history":[{"count":0,"href":"https:\/\/www.tucomarca.com\/wordpress\/segunda\/wp-json\/wp\/v2\/posts\/118008\/revisions"}],"wp:featuredmedia":[{"embeddable":true,"href":"https:\/\/www.tucomarca.com\/wordpress\/segunda\/wp-json\/wp\/v2\/media\/118010"}],"wp:attachment":[{"href":"https:\/\/www.tucomarca.com\/wordpress\/segunda\/wp-json\/wp\/v2\/media?parent=118008"}],"wp:term":[{"taxonomy":"category","embeddable":true,"href":"https:\/\/www.tucomarca.com\/wordpress\/segunda\/wp-json\/wp\/v2\/categories?post=118008"},{"taxonomy":"post_tag","embeddable":true,"href":"https:\/\/www.tucomarca.com\/wordpress\/segunda\/wp-json\/wp\/v2\/tags?post=118008"}],"curies":[{"name":"wp","href":"https:\/\/api.w.org\/{rel}","templated":true}]}}