{"id":118067,"date":"2020-11-03T14:00:44","date_gmt":"2020-11-03T13:00:44","guid":{"rendered":"http:\/\/www.tucomarca.com\/wordpress\/segunda\/?p=118067"},"modified":"2020-11-04T01:55:42","modified_gmt":"2020-11-04T00:55:42","slug":"el-ayuntamiento-de-bunol-inicia-una-campana-de-informacion-frente-a-la-pandemia-tras-las-nuevas-restricciones-aprobadas-por-el-consell","status":"publish","type":"post","link":"https:\/\/www.tucomarca.com\/wordpress\/segunda\/el-ayuntamiento-de-bunol-inicia-una-campana-de-informacion-frente-a-la-pandemia-tras-las-nuevas-restricciones-aprobadas-por-el-consell\/","title":{"rendered":"El Ayuntamiento de Bu\u00f1ol inicia una campa\u00f1a de informaci\u00f3n frente a la pandemia tras las nuevas restricciones aprobadas por el Consell"},"content":{"rendered":"\n<h4 class=\"wp-block-heading\">Desde la Concejal\u00eda de Comercio del Ayuntamiento de Bu\u00f1ol se unen a la campa\u00f1a europea de adelantar nuestros horarios de cena para apoyar la hosteler\u00eda de la localidad, que debe cerrar a las 12 de la noche<\/h4>\n\n\n\n<figure class=\"wp-block-image\"><img loading=\"lazy\" decoding=\"async\" width=\"724\" height=\"1024\" src=\"https:\/\/www.tucomarca.com\/wordpress\/segunda\/wp-content\/uploads\/2020\/11\/ALARMA-COVID_octBUENO-724x1024.jpg\" alt=\"\" class=\"wp-image-118072\" srcset=\"https:\/\/www.tucomarca.com\/wordpress\/segunda\/wp-content\/uploads\/2020\/11\/ALARMA-COVID_octBUENO-724x1024.jpg 724w, https:\/\/www.tucomarca.com\/wordpress\/segunda\/wp-content\/uploads\/2020\/11\/ALARMA-COVID_octBUENO-212x300.jpg 212w, https:\/\/www.tucomarca.com\/wordpress\/segunda\/wp-content\/uploads\/2020\/11\/ALARMA-COVID_octBUENO-768x1086.jpg 768w, https:\/\/www.tucomarca.com\/wordpress\/segunda\/wp-content\/uploads\/2020\/11\/ALARMA-COVID_octBUENO.jpg 787w\" sizes=\"auto, (max-width: 724px) 100vw, 724px\" \/><\/figure>\n\n\n\n<p>Juncal Carrascosa, alcaldesa de Bu\u00f1ol y responsable del \u00e1rea de Comercio del Consistorio, ha informado de la carteler\u00eda que desde el pasado viernes se viene informando a la poblaci\u00f3n a trav\u00e9s de redes sociales y bares, restaurantes y establecimientos de la localidad sobre las medidas a tener en cuenta frente a la pandemia tras la declaraci\u00f3n del Consell del toque de queda y el cierre perimetral de toda la autonom\u00eda desde este pasado viernes.<\/p>\n\n\n\n<p>En los carteles que se han difundido desde el Ayuntamiento de Bu\u00f1ol se informa de la prohibici\u00f3n de la libre circulaci\u00f3n de personas en la v\u00eda y espacios p\u00fablicos de 0 a 6h, excepto los casos autorizados por ley; la prohibici\u00f3n de reuniones de m\u00e1s de 6 personas en entornos privados o p\u00fablicos, excepto convivientes, y se mantienen las actividades y eventos con aforos y medidas establecidas por la Generalitat; el cierre de los jardines y zonas de esparcimiento de 22 a 8h; la prohibici\u00f3n de venta de alcohol entre las 22 y las 8h en todo tipo de establecimientos, excepto en hosteler\u00eda, y el consumo de alcohol en la v\u00eda p\u00fablica sigue estando prohibido las 24 horas del d\u00eda, excepto en las terrazas de locales de hosteler\u00eda; y por \u00faltimo, en los establecimientos de hosteler\u00eda el consumo ser\u00e1 siempre sentado en mesa, las mesas deben de tener hasta 6 personas, en las barras s\u00f3lo se puede pedir y recoger, el horario de cierre es a las 0h, pero no pueden aceptar clientes desde las 23h, y el uso de mascarilla es obligatorio en todo momento, salvo en el instante justo de la consumici\u00f3n.<\/p>\n\n\n\n<p>La primer edil bu\u00f1olense tambi\u00e9n se une desde esta campa\u00f1a del Consistorio al adelanto de nuestros horarios, al m\u00e1s puro estilo europeo, para adaptarse a las restricciones de cierre de la restauraci\u00f3n. \u201cLa campa\u00f1a que hemos lanzado dice: \u201cad\u00e1ptate: adelanta tus horarios\u201d; con el objetivo de que si todos vamos a las 22h a cenar es bastante dif\u00edcil que podamos estar en casa a las 0h, por lo que recomendamos adelantar los horarios de tardeo y as\u00ed poder consumir con tranquilidad\u201d, finalizaba Juncal Carrascosa.<\/p>\n\n\n\n<p>Anima a continuar siendo prudentes y a asistir a todos los actos y actividades culturales que se est\u00e1n dise\u00f1ando desde el Ayuntamiento de Bu\u00f1ol porque se siguen las medidas de distancia social, higiene de manos y uso de mascarillas, sin olvidar el aforo limitado que tienen todas ellas.<\/p>\n","protected":false},"excerpt":{"rendered":"<div class=\"mh-excerpt\">Desde la Concejal\u00eda de Comercio del Ayuntamiento de Bu\u00f1ol se unen a la campa\u00f1a europea de adelantar nuestros horarios de cena para apoyar la hosteler\u00eda de la localidad, que debe cerrar a las 12 de <a class=\"mh-excerpt-more\" href=\"https:\/\/www.tucomarca.com\/wordpress\/segunda\/el-ayuntamiento-de-bunol-inicia-una-campana-de-informacion-frente-a-la-pandemia-tras-las-nuevas-restricciones-aprobadas-por-el-consell\/\" title=\"El Ayuntamiento de Bu\u00f1ol inicia una campa\u00f1a de informaci\u00f3n frente a la pandemia tras las nuevas restricciones aprobadas por el Consell\">[+] <\/a><\/div>\n","protected":false},"author":12,"featured_media":118070,"comment_status":"open","ping_status":"open","sticky":false,"template":"","format":"standard","meta":{"footnotes":""},"categories":[18,12201,128,8,10,142,3,116],"tags":[10385,11937,11938,5952],"class_list":{"0":"post-118067","1":"post","2":"type-post","3":"status-publish","4":"format-standard","5":"has-post-thumbnail","7":"category-bunol","8":"category-covid-19","9":"category-infraestructuras","10":"category-la-comarca","11":"category-la-hoya","12":"category-politica-la-comarca","13":"category-seccion","14":"category-sucesos-la-comarca","15":"tag-bunol","16":"tag-coronavirus","17":"tag-covid-19","18":"tag-la-hoya-de-bunol-chiva"},"_links":{"self":[{"href":"https:\/\/www.tucomarca.com\/wordpress\/segunda\/wp-json\/wp\/v2\/posts\/118067","targetHints":{"allow":["GET"]}}],"collection":[{"href":"https:\/\/www.tucomarca.com\/wordpress\/segunda\/wp-json\/wp\/v2\/posts"}],"about":[{"href":"https:\/\/www.tucomarca.com\/wordpress\/segunda\/wp-json\/wp\/v2\/types\/post"}],"author":[{"embeddable":true,"href":"https:\/\/www.tucomarca.com\/wordpress\/segunda\/wp-json\/wp\/v2\/users\/12"}],"replies":[{"embeddable":true,"href":"https:\/\/www.tucomarca.com\/wordpress\/segunda\/wp-json\/wp\/v2\/comments?post=118067"}],"version-history":[{"count":0,"href":"https:\/\/www.tucomarca.com\/wordpress\/segunda\/wp-json\/wp\/v2\/posts\/118067\/revisions"}],"wp:featuredmedia":[{"embeddable":true,"href":"https:\/\/www.tucomarca.com\/wordpress\/segunda\/wp-json\/wp\/v2\/media\/118070"}],"wp:attachment":[{"href":"https:\/\/www.tucomarca.com\/wordpress\/segunda\/wp-json\/wp\/v2\/media?parent=118067"}],"wp:term":[{"taxonomy":"category","embeddable":true,"href":"https:\/\/www.tucomarca.com\/wordpress\/segunda\/wp-json\/wp\/v2\/categories?post=118067"},{"taxonomy":"post_tag","embeddable":true,"href":"https:\/\/www.tucomarca.com\/wordpress\/segunda\/wp-json\/wp\/v2\/tags?post=118067"}],"curies":[{"name":"wp","href":"https:\/\/api.w.org\/{rel}","templated":true}]}}