{"id":118589,"date":"2020-11-09T09:05:19","date_gmt":"2020-11-09T08:05:19","guid":{"rendered":"http:\/\/www.tucomarca.com\/wordpress\/segunda\/?p=118589"},"modified":"2020-11-10T03:16:35","modified_gmt":"2020-11-10T02:16:35","slug":"el-liceo-de-cheste-acoge-la-obra-el-metodo-gronholm","status":"publish","type":"post","link":"https:\/\/www.tucomarca.com\/wordpress\/segunda\/el-liceo-de-cheste-acoge-la-obra-el-metodo-gronholm\/","title":{"rendered":"El Liceo de Cheste acoge la obra El m\u00e9todo Gr\u00f6nholm"},"content":{"rendered":"\n<p>El pasado s\u00e1bado, 7 de noviembre, el teatro Liceo abri\u00f3 sus puertas para acoger la representaci\u00f3n <em>El m\u00e9todo Gr\u00f6nholm<\/em>, programada desde la concejal\u00eda de Fiestas.<\/p>\n\n\n\n<p>Esta obra es uno de los grandes \u00e9xitos teatrales de de este a\u00f1o, con un premio MAX a Mejor Texto Teatral, escrito por Jordi Galcer\u00e1n. Producida por el teatro Tal\u00eda y dirigida por Gemma Miralles y Rebeca Valls, presenta una s\u00e1tira sobre los procesos de selecci\u00f3n de personal, en la que cuatro aspirantes a un cargo de alto nivel en una de las empresas multinacionales m\u00e1s prestigiosas se presentan a la prueba definitiva, en la que se sigue un proceso nada convencional, llamado \u201cm\u00e9todo Gr\u00f6nholm\u201d.<\/p>\n\n\n\n<p>\u201cEsta actuaci\u00f3n era una de nuestras apuestas para las fiestas de abril, pero debido al confinamiento no pudo hacerse; por suerte hemos conseguido encontrar el momento para traerla a Cheste, aunque haya sido una vez pasadas las fiestas de octubre\u201d, explicaba el concejal, Ra\u00fal Mota.&nbsp;<\/p>\n\n\n\n<p>A lo largo de la representaci\u00f3n los personajes se enfrentaron conjuntamente a una serie de juegos y trampas inspirados en t\u00e9cnicas reales de selecci\u00f3n de personal. La obra mostraba as\u00ed, en clave de comedia, un presente en el que el paro y Ia precariedad laboral son una aut\u00e9ntica maldici\u00f3n y donde, ante el af\u00e1n de conseguir un empleo, cualquier rasgo de humanidad ha sido abolido.<br><\/p>\n","protected":false},"excerpt":{"rendered":"<div class=\"mh-excerpt\">El pasado s\u00e1bado, 7 de noviembre, el teatro Liceo abri\u00f3 sus puertas para acoger la representaci\u00f3n El m\u00e9todo Gr\u00f6nholm, programada desde la concejal\u00eda de Fiestas. Esta obra es uno de los grandes \u00e9xitos teatrales de <a class=\"mh-excerpt-more\" href=\"https:\/\/www.tucomarca.com\/wordpress\/segunda\/el-liceo-de-cheste-acoge-la-obra-el-metodo-gronholm\/\" title=\"El Liceo de Cheste acoge la obra El m\u00e9todo Gr\u00f6nholm\">[+] <\/a><\/div>\n","protected":false},"author":12,"featured_media":118593,"comment_status":"open","ping_status":"open","sticky":false,"template":"","format":"standard","meta":{"footnotes":""},"categories":[17,8,10,7,3],"tags":[339,5952,2854],"class_list":{"0":"post-118589","1":"post","2":"type-post","3":"status-publish","4":"format-standard","5":"has-post-thumbnail","7":"category-cheste","8":"category-la-comarca","9":"category-la-hoya","10":"category-ocio-y-cultura","11":"category-seccion","12":"tag-cheste-2","13":"tag-la-hoya-de-bunol-chiva","14":"tag-teatro-liceo"},"_links":{"self":[{"href":"https:\/\/www.tucomarca.com\/wordpress\/segunda\/wp-json\/wp\/v2\/posts\/118589","targetHints":{"allow":["GET"]}}],"collection":[{"href":"https:\/\/www.tucomarca.com\/wordpress\/segunda\/wp-json\/wp\/v2\/posts"}],"about":[{"href":"https:\/\/www.tucomarca.com\/wordpress\/segunda\/wp-json\/wp\/v2\/types\/post"}],"author":[{"embeddable":true,"href":"https:\/\/www.tucomarca.com\/wordpress\/segunda\/wp-json\/wp\/v2\/users\/12"}],"replies":[{"embeddable":true,"href":"https:\/\/www.tucomarca.com\/wordpress\/segunda\/wp-json\/wp\/v2\/comments?post=118589"}],"version-history":[{"count":0,"href":"https:\/\/www.tucomarca.com\/wordpress\/segunda\/wp-json\/wp\/v2\/posts\/118589\/revisions"}],"wp:featuredmedia":[{"embeddable":true,"href":"https:\/\/www.tucomarca.com\/wordpress\/segunda\/wp-json\/wp\/v2\/media\/118593"}],"wp:attachment":[{"href":"https:\/\/www.tucomarca.com\/wordpress\/segunda\/wp-json\/wp\/v2\/media?parent=118589"}],"wp:term":[{"taxonomy":"category","embeddable":true,"href":"https:\/\/www.tucomarca.com\/wordpress\/segunda\/wp-json\/wp\/v2\/categories?post=118589"},{"taxonomy":"post_tag","embeddable":true,"href":"https:\/\/www.tucomarca.com\/wordpress\/segunda\/wp-json\/wp\/v2\/tags?post=118589"}],"curies":[{"name":"wp","href":"https:\/\/api.w.org\/{rel}","templated":true}]}}