{"id":118616,"date":"2020-11-10T11:05:29","date_gmt":"2020-11-10T10:05:29","guid":{"rendered":"http:\/\/www.tucomarca.com\/wordpress\/segunda\/?p=118616"},"modified":"2020-11-11T04:23:30","modified_gmt":"2020-11-11T03:23:30","slug":"cheste-reconoce-la-labor-del-centro-de-formacion-de-personas-adultas-en-el-acto-retazos-de-sabiduria-popular","status":"publish","type":"post","link":"https:\/\/www.tucomarca.com\/wordpress\/segunda\/cheste-reconoce-la-labor-del-centro-de-formacion-de-personas-adultas-en-el-acto-retazos-de-sabiduria-popular\/","title":{"rendered":"Cheste reconoce la labor del Centro de Formaci\u00f3n de Personas Adultas en el acto \u201cRetazos de sabidur\u00eda popular\u201d"},"content":{"rendered":"\n<h4 class=\"wp-block-heading\">El proyecto \u201cMemoria oral de Cheste\u201d, impulsado por la concejal\u00eda de Cultura, rinde homenaje a profesorado y alumnado con la publicaci\u00f3n de los textos de Maruja Fortea<\/h4>\n\n\n\n<p>El pasado viernes, 6 de noviembre, el teatro Liceo acogi\u00f3 el acto \u201cRetazos de sabidur\u00eda popular\u201d, enmarcado en el proyecto de recuperaci\u00f3n de la Memoria hist\u00f3rica \u201cMemoria Oral de Cheste\u201d, que inici\u00f3 la concejal\u00eda de Cultura, hace ya tres a\u00f1os, con el objetivo de recoger fragmentos de las vidas de la ciudadan\u00eda de Cheste para dejar constancia de la memoria colectiva a trav\u00e9s de sus testimonios.&nbsp;<\/p>\n\n\n\n<p>En esta ocasi\u00f3n, la iniciativa ha tenido como eje central la puesta en valor del trabajo realizado por el Centro de Formaci\u00f3n de Personas Adultas de la poblaci\u00f3n para fomentar el acceso al conocimiento a gente de todas las edades. As\u00ed, el hilo conductor del acto fue el homenaje a Maruja Fortea, vecina de Cheste de 90 a\u00f1os que ha pasado m\u00e1s de diez a\u00f1os en sus aulas y, en su af\u00e1n por no dejar de aprender, ha escrito durante todo ese tiempo poemas y relatos que se han recopilado para publicar un libro ilustrado.<\/p>\n\n\n\n<p>En el escenario se intercalaron fragmentos de una entrevista a Maruja con la lectura de poemas, por parte de los nietos y nietas de la homenajeada, y la actuaci\u00f3n en directo de Nacho Rodrigo, uno de los hijos de Maruja, que cant\u00f3 canciones como&nbsp;<em>Volver<\/em>&nbsp;o&nbsp;<em>Contigo en la distancia<\/em>. Adem\u00e1s, participaron con sus intervenciones otro de sus hijos, Javier Rodrigo; una de sus profesoras, Margarita Mart\u00ednez; la ilustradora del libro, Eva Cort\u00e9s; la concejala de Cultura, M\u00aa \u00c1ngeles Llorente, y la propia Maruja, que se mostr\u00f3 emocionada ante las palabras que le dedicaron.<\/p>\n\n\n\n<p>\u201cEn estos 39 a\u00f1os la escuela se ha convertido en todo un referente para la comarca y para la comunidad; profesorado y alumnado han sabido crear un espacio de crecimiento personal y colectivo, de alegr\u00eda, de ternura y de solidaridad de un valor incalculable para la convivencia\u201d, apuntaba la concejala. \u201cQuiero agradecer su buen hacer a Clara Mart\u00ednez y Jaume Verd\u00fa, encargados de dar forma a este proyecto a trav\u00e9s de la grabaci\u00f3n del v\u00eddeo, la publicaci\u00f3n del libro y el montaje de este acto. Esto no hubiera sido posible sin la colaboraci\u00f3n de las nietas de Maruja, que hicieron una primera compilaci\u00f3n de los textos; de su nuera Lourdes, que nos la dio a conocer, ni sin sus hijos Javier y Nacho, que han ayudado en la realizaci\u00f3n de este acto; tambi\u00e9n quiero agradecer su participaci\u00f3n a Marga, as\u00ed como a toda la familia y al profesorado de la escuela. Y por su puesto, gracias a Maruja, una mujer de 90 a\u00f1os que en su esplendorosa madurez, despu\u00e9s de criar a cuatro hijos, decidi\u00f3 seguir form\u00e1ndose en la escuela y participar en actividades educativas y culturales\u201d.<\/p>\n\n\n\n<p>\u201cMi madre, adem\u00e1s de llevar la casa con los cuatro hermanos, mi padre, los dos abuelos y la f\u00e1brica, tambi\u00e9n impuls\u00f3 la asociaci\u00f3n de las Amas de Casa de Cheste, la guarder\u00eda El Pinar y tambi\u00e9n tuvo la idea de crear el taller de restauraci\u00f3n municipal. Hace tres a\u00f1os quiso recuperar el villancico de Cheste con una actuaci\u00f3n en la plaza de la Iglesia que recordaba a las de antes; ahora ha escrito un libro y seguro que hay alguna cosa que se me olvida. Como imaginareis, mi madre nunca se aburre\u201d, contaba su hijo Javier. \u201cCuando voy por el pueblo la gente me pregunta por ella y muchas veces me han dicho que de mayor quieren ser como mi madre; nosotros tambi\u00e9n\u201d.<\/p>\n\n\n\n<p>Maruja Fortea cerr\u00f3 el acto con un emotivo agradecimiento. \u201cA Marga, mi profesora, por su labor educativa y por su perseverancia anim\u00e1ndonos a participar en todos los cert\u00e1menes literarios, y a todos vosotros por vuestra asistencia; me gustar\u00eda poner una dedicatoria en cada uno de los libros, pero dadas las circunstancias mejor no lo har\u00e9, os lo dedico de palabra: con todo mi cari\u00f1o y amor, Maruja\u201d.<\/p>\n\n\n\n<ul class=\"wp-block-gallery columns-2 is-cropped wp-block-gallery-1 is-layout-flex wp-block-gallery-is-layout-flex\"><li class=\"blocks-gallery-item\"><figure><img loading=\"lazy\" decoding=\"async\" width=\"1024\" height=\"683\" src=\"https:\/\/www.tucomarca.com\/wordpress\/segunda\/wp-content\/uploads\/2020\/11\/ChesteRetratos4-1024x683.jpg\" alt=\"\" data-id=\"118621\" data-link=\"https:\/\/www.tucomarca.com\/wordpress\/segunda\/?attachment_id=118621\" class=\"wp-image-118621\" srcset=\"https:\/\/www.tucomarca.com\/wordpress\/segunda\/wp-content\/uploads\/2020\/11\/ChesteRetratos4-1024x683.jpg 1024w, https:\/\/www.tucomarca.com\/wordpress\/segunda\/wp-content\/uploads\/2020\/11\/ChesteRetratos4-300x200.jpg 300w, https:\/\/www.tucomarca.com\/wordpress\/segunda\/wp-content\/uploads\/2020\/11\/ChesteRetratos4-768x512.jpg 768w\" sizes=\"auto, (max-width: 1024px) 100vw, 1024px\" \/><\/figure><\/li><li class=\"blocks-gallery-item\"><figure><img loading=\"lazy\" decoding=\"async\" width=\"787\" height=\"525\" src=\"https:\/\/www.tucomarca.com\/wordpress\/segunda\/wp-content\/uploads\/2020\/11\/ChesteRetratos8.jpg\" alt=\"\" data-id=\"118629\" data-link=\"https:\/\/www.tucomarca.com\/wordpress\/segunda\/?attachment_id=118629\" class=\"wp-image-118629\" srcset=\"https:\/\/www.tucomarca.com\/wordpress\/segunda\/wp-content\/uploads\/2020\/11\/ChesteRetratos8.jpg 787w, https:\/\/www.tucomarca.com\/wordpress\/segunda\/wp-content\/uploads\/2020\/11\/ChesteRetratos8-300x200.jpg 300w, https:\/\/www.tucomarca.com\/wordpress\/segunda\/wp-content\/uploads\/2020\/11\/ChesteRetratos8-768x512.jpg 768w\" sizes=\"auto, (max-width: 787px) 100vw, 787px\" \/><\/figure><\/li><li class=\"blocks-gallery-item\"><figure><img loading=\"lazy\" decoding=\"async\" width=\"787\" height=\"525\" src=\"https:\/\/www.tucomarca.com\/wordpress\/segunda\/wp-content\/uploads\/2020\/11\/ChesteRetratos9.jpg\" alt=\"\" data-id=\"118631\" data-link=\"https:\/\/www.tucomarca.com\/wordpress\/segunda\/?attachment_id=118631\" class=\"wp-image-118631\" srcset=\"https:\/\/www.tucomarca.com\/wordpress\/segunda\/wp-content\/uploads\/2020\/11\/ChesteRetratos9.jpg 787w, https:\/\/www.tucomarca.com\/wordpress\/segunda\/wp-content\/uploads\/2020\/11\/ChesteRetratos9-300x200.jpg 300w, https:\/\/www.tucomarca.com\/wordpress\/segunda\/wp-content\/uploads\/2020\/11\/ChesteRetratos9-768x512.jpg 768w\" sizes=\"auto, (max-width: 787px) 100vw, 787px\" \/><\/figure><\/li><li class=\"blocks-gallery-item\"><figure><img loading=\"lazy\" decoding=\"async\" width=\"787\" height=\"525\" src=\"https:\/\/www.tucomarca.com\/wordpress\/segunda\/wp-content\/uploads\/2020\/11\/ChesteRetratos10.jpg\" alt=\"\" data-id=\"118633\" data-link=\"https:\/\/www.tucomarca.com\/wordpress\/segunda\/?attachment_id=118633\" class=\"wp-image-118633\" srcset=\"https:\/\/www.tucomarca.com\/wordpress\/segunda\/wp-content\/uploads\/2020\/11\/ChesteRetratos10.jpg 787w, https:\/\/www.tucomarca.com\/wordpress\/segunda\/wp-content\/uploads\/2020\/11\/ChesteRetratos10-300x200.jpg 300w, https:\/\/www.tucomarca.com\/wordpress\/segunda\/wp-content\/uploads\/2020\/11\/ChesteRetratos10-768x512.jpg 768w\" sizes=\"auto, (max-width: 787px) 100vw, 787px\" \/><\/figure><\/li><li class=\"blocks-gallery-item\"><figure><img loading=\"lazy\" decoding=\"async\" width=\"787\" height=\"525\" src=\"https:\/\/www.tucomarca.com\/wordpress\/segunda\/wp-content\/uploads\/2020\/11\/ChesteRetratos11.jpg\" alt=\"\" data-id=\"118635\" data-link=\"https:\/\/www.tucomarca.com\/wordpress\/segunda\/?attachment_id=118635\" class=\"wp-image-118635\" srcset=\"https:\/\/www.tucomarca.com\/wordpress\/segunda\/wp-content\/uploads\/2020\/11\/ChesteRetratos11.jpg 787w, https:\/\/www.tucomarca.com\/wordpress\/segunda\/wp-content\/uploads\/2020\/11\/ChesteRetratos11-300x200.jpg 300w, https:\/\/www.tucomarca.com\/wordpress\/segunda\/wp-content\/uploads\/2020\/11\/ChesteRetratos11-768x512.jpg 768w\" sizes=\"auto, (max-width: 787px) 100vw, 787px\" \/><\/figure><\/li><li class=\"blocks-gallery-item\"><figure><img loading=\"lazy\" decoding=\"async\" width=\"787\" height=\"525\" src=\"https:\/\/www.tucomarca.com\/wordpress\/segunda\/wp-content\/uploads\/2020\/11\/ChesteRetratos12.jpg\" alt=\"\" data-id=\"118637\" data-link=\"https:\/\/www.tucomarca.com\/wordpress\/segunda\/?attachment_id=118637\" class=\"wp-image-118637\" srcset=\"https:\/\/www.tucomarca.com\/wordpress\/segunda\/wp-content\/uploads\/2020\/11\/ChesteRetratos12.jpg 787w, https:\/\/www.tucomarca.com\/wordpress\/segunda\/wp-content\/uploads\/2020\/11\/ChesteRetratos12-300x200.jpg 300w, https:\/\/www.tucomarca.com\/wordpress\/segunda\/wp-content\/uploads\/2020\/11\/ChesteRetratos12-768x512.jpg 768w\" sizes=\"auto, (max-width: 787px) 100vw, 787px\" \/><\/figure><\/li><li class=\"blocks-gallery-item\"><figure><img loading=\"lazy\" decoding=\"async\" width=\"787\" height=\"525\" src=\"https:\/\/www.tucomarca.com\/wordpress\/segunda\/wp-content\/uploads\/2020\/11\/ChesteRetratos6.jpg\" alt=\"\" data-id=\"118625\" data-link=\"https:\/\/www.tucomarca.com\/wordpress\/segunda\/?attachment_id=118625\" class=\"wp-image-118625\" srcset=\"https:\/\/www.tucomarca.com\/wordpress\/segunda\/wp-content\/uploads\/2020\/11\/ChesteRetratos6.jpg 787w, https:\/\/www.tucomarca.com\/wordpress\/segunda\/wp-content\/uploads\/2020\/11\/ChesteRetratos6-300x200.jpg 300w, https:\/\/www.tucomarca.com\/wordpress\/segunda\/wp-content\/uploads\/2020\/11\/ChesteRetratos6-768x512.jpg 768w\" sizes=\"auto, (max-width: 787px) 100vw, 787px\" \/><\/figure><\/li><li class=\"blocks-gallery-item\"><figure><img loading=\"lazy\" decoding=\"async\" width=\"787\" height=\"525\" src=\"https:\/\/www.tucomarca.com\/wordpress\/segunda\/wp-content\/uploads\/2020\/11\/ChesteRetratos7.jpg\" alt=\"\" data-id=\"118627\" data-link=\"https:\/\/www.tucomarca.com\/wordpress\/segunda\/?attachment_id=118627\" class=\"wp-image-118627\" srcset=\"https:\/\/www.tucomarca.com\/wordpress\/segunda\/wp-content\/uploads\/2020\/11\/ChesteRetratos7.jpg 787w, https:\/\/www.tucomarca.com\/wordpress\/segunda\/wp-content\/uploads\/2020\/11\/ChesteRetratos7-300x200.jpg 300w, https:\/\/www.tucomarca.com\/wordpress\/segunda\/wp-content\/uploads\/2020\/11\/ChesteRetratos7-768x512.jpg 768w\" sizes=\"auto, (max-width: 787px) 100vw, 787px\" \/><\/figure><\/li><li class=\"blocks-gallery-item\"><figure><img loading=\"lazy\" decoding=\"async\" width=\"787\" height=\"525\" src=\"https:\/\/www.tucomarca.com\/wordpress\/segunda\/wp-content\/uploads\/2020\/11\/ChesteRetratos5.jpg\" alt=\"\" data-id=\"118623\" data-link=\"https:\/\/www.tucomarca.com\/wordpress\/segunda\/?attachment_id=118623\" class=\"wp-image-118623\" srcset=\"https:\/\/www.tucomarca.com\/wordpress\/segunda\/wp-content\/uploads\/2020\/11\/ChesteRetratos5.jpg 787w, https:\/\/www.tucomarca.com\/wordpress\/segunda\/wp-content\/uploads\/2020\/11\/ChesteRetratos5-300x200.jpg 300w, https:\/\/www.tucomarca.com\/wordpress\/segunda\/wp-content\/uploads\/2020\/11\/ChesteRetratos5-768x512.jpg 768w\" sizes=\"auto, (max-width: 787px) 100vw, 787px\" \/><\/figure><\/li><\/ul>\n","protected":false},"excerpt":{"rendered":"<div class=\"mh-excerpt\">El proyecto \u201cMemoria oral de Cheste\u201d, impulsado por la concejal\u00eda de Cultura, rinde homenaje a profesorado y alumnado con la publicaci\u00f3n de los textos de Maruja Fortea El pasado viernes, 6 de noviembre, el teatro <a class=\"mh-excerpt-more\" href=\"https:\/\/www.tucomarca.com\/wordpress\/segunda\/cheste-reconoce-la-labor-del-centro-de-formacion-de-personas-adultas-en-el-acto-retazos-de-sabiduria-popular\/\" title=\"Cheste reconoce la labor del Centro de Formaci\u00f3n de Personas Adultas en el acto \u201cRetazos de sabidur\u00eda popular\u201d\">[+] <\/a><\/div>\n","protected":false},"author":12,"featured_media":118619,"comment_status":"open","ping_status":"open","sticky":false,"template":"","format":"gallery","meta":{"footnotes":""},"categories":[17,8,10,7,3],"tags":[339,5952,12987],"class_list":{"0":"post-118616","1":"post","2":"type-post","3":"status-publish","4":"format-gallery","5":"has-post-thumbnail","7":"category-cheste","8":"category-la-comarca","9":"category-la-hoya","10":"category-ocio-y-cultura","11":"category-seccion","12":"tag-cheste-2","13":"tag-la-hoya-de-bunol-chiva","14":"tag-memoria-oral-de-cheste","15":"post_format-post-format-gallery"},"_links":{"self":[{"href":"https:\/\/www.tucomarca.com\/wordpress\/segunda\/wp-json\/wp\/v2\/posts\/118616","targetHints":{"allow":["GET"]}}],"collection":[{"href":"https:\/\/www.tucomarca.com\/wordpress\/segunda\/wp-json\/wp\/v2\/posts"}],"about":[{"href":"https:\/\/www.tucomarca.com\/wordpress\/segunda\/wp-json\/wp\/v2\/types\/post"}],"author":[{"embeddable":true,"href":"https:\/\/www.tucomarca.com\/wordpress\/segunda\/wp-json\/wp\/v2\/users\/12"}],"replies":[{"embeddable":true,"href":"https:\/\/www.tucomarca.com\/wordpress\/segunda\/wp-json\/wp\/v2\/comments?post=118616"}],"version-history":[{"count":0,"href":"https:\/\/www.tucomarca.com\/wordpress\/segunda\/wp-json\/wp\/v2\/posts\/118616\/revisions"}],"wp:featuredmedia":[{"embeddable":true,"href":"https:\/\/www.tucomarca.com\/wordpress\/segunda\/wp-json\/wp\/v2\/media\/118619"}],"wp:attachment":[{"href":"https:\/\/www.tucomarca.com\/wordpress\/segunda\/wp-json\/wp\/v2\/media?parent=118616"}],"wp:term":[{"taxonomy":"category","embeddable":true,"href":"https:\/\/www.tucomarca.com\/wordpress\/segunda\/wp-json\/wp\/v2\/categories?post=118616"},{"taxonomy":"post_tag","embeddable":true,"href":"https:\/\/www.tucomarca.com\/wordpress\/segunda\/wp-json\/wp\/v2\/tags?post=118616"}],"curies":[{"name":"wp","href":"https:\/\/api.w.org\/{rel}","templated":true}]}}