{"id":118653,"date":"2020-11-10T11:00:09","date_gmt":"2020-11-10T10:00:09","guid":{"rendered":"http:\/\/www.tucomarca.com\/wordpress\/segunda\/?p=118653"},"modified":"2020-11-11T04:22:26","modified_gmt":"2020-11-11T03:22:26","slug":"requena-acoge-una-jornada-sobre-la-pac-2021","status":"publish","type":"post","link":"https:\/\/www.tucomarca.com\/wordpress\/segunda\/requena-acoge-una-jornada-sobre-la-pac-2021\/","title":{"rendered":"Requena acoge una jornada sobre la PAC 2021"},"content":{"rendered":"\n<p>Para dar a conocer las novedades de la Pol\u00edtica Agr\u00edcola Comunitaria -PAC- 2021, la organizaci\u00f3n agraria AVA-ASAJA ha convocado una jornada que se celebrar\u00e1 ma\u00f1ana mi\u00e9rcoles de 18 a 20 horas en el Espacio Cultural&nbsp; Feliciano A. Yeves, de Requena.<\/p>\n\n\n\n<p>David Romero experto en el tema de la PAC ser\u00e1 el encargado de dar a conocer las importantes novedades que traer\u00e1 en el futuro la Pol\u00edtica Agr\u00edcola Comunitaria.<\/p>\n\n\n\n<p>Las subvenciones de la PAC, es un asunto de m\u00e1ximo inter\u00e9s para los varios centenares de agricultores de la comarca Requena-Utiel que las perciben. Informa, <strong>Luis Ib\u00e1\u00f1ez.<\/strong><\/p>\n","protected":false},"excerpt":{"rendered":"<div class=\"mh-excerpt\">Para dar a conocer las novedades de la Pol\u00edtica Agr\u00edcola Comunitaria -PAC- 2021, la organizaci\u00f3n agraria AVA-ASAJA ha convocado una jornada que se celebrar\u00e1 ma\u00f1ana mi\u00e9rcoles de 18 a 20 horas en el Espacio Cultural&nbsp; <a class=\"mh-excerpt-more\" href=\"https:\/\/www.tucomarca.com\/wordpress\/segunda\/requena-acoge-una-jornada-sobre-la-pac-2021\/\" title=\"Requena acoge una jornada sobre la PAC 2021\">[+] <\/a><\/div>\n","protected":false},"author":12,"featured_media":118655,"comment_status":"open","ping_status":"open","sticky":false,"template":"","format":"standard","meta":{"footnotes":""},"categories":[4,169,8,28,27,3],"tags":[328,10388,10387],"class_list":{"0":"post-118653","1":"post","2":"type-post","3":"status-publish","4":"format-standard","5":"has-post-thumbnail","7":"category-agenda","8":"category-agricultura-la-comarca","9":"category-la-comarca","10":"category-requena","11":"category-requena-utiel","12":"category-seccion","13":"tag-ava-asaja","14":"tag-requena","15":"tag-requena-utiel"},"_links":{"self":[{"href":"https:\/\/www.tucomarca.com\/wordpress\/segunda\/wp-json\/wp\/v2\/posts\/118653","targetHints":{"allow":["GET"]}}],"collection":[{"href":"https:\/\/www.tucomarca.com\/wordpress\/segunda\/wp-json\/wp\/v2\/posts"}],"about":[{"href":"https:\/\/www.tucomarca.com\/wordpress\/segunda\/wp-json\/wp\/v2\/types\/post"}],"author":[{"embeddable":true,"href":"https:\/\/www.tucomarca.com\/wordpress\/segunda\/wp-json\/wp\/v2\/users\/12"}],"replies":[{"embeddable":true,"href":"https:\/\/www.tucomarca.com\/wordpress\/segunda\/wp-json\/wp\/v2\/comments?post=118653"}],"version-history":[{"count":0,"href":"https:\/\/www.tucomarca.com\/wordpress\/segunda\/wp-json\/wp\/v2\/posts\/118653\/revisions"}],"wp:featuredmedia":[{"embeddable":true,"href":"https:\/\/www.tucomarca.com\/wordpress\/segunda\/wp-json\/wp\/v2\/media\/118655"}],"wp:attachment":[{"href":"https:\/\/www.tucomarca.com\/wordpress\/segunda\/wp-json\/wp\/v2\/media?parent=118653"}],"wp:term":[{"taxonomy":"category","embeddable":true,"href":"https:\/\/www.tucomarca.com\/wordpress\/segunda\/wp-json\/wp\/v2\/categories?post=118653"},{"taxonomy":"post_tag","embeddable":true,"href":"https:\/\/www.tucomarca.com\/wordpress\/segunda\/wp-json\/wp\/v2\/tags?post=118653"}],"curies":[{"name":"wp","href":"https:\/\/api.w.org\/{rel}","templated":true}]}}