{"id":118668,"date":"2020-11-09T14:01:02","date_gmt":"2020-11-09T13:01:02","guid":{"rendered":"http:\/\/www.tucomarca.com\/wordpress\/segunda\/?p=118668"},"modified":"2020-11-11T20:15:58","modified_gmt":"2020-11-11T19:15:58","slug":"el-consell-abona-mas-de-52-millones-de-euros-en-ayudas-a-la-industria-agroalimentaria-en-2020","status":"publish","type":"post","link":"https:\/\/www.tucomarca.com\/wordpress\/segunda\/el-consell-abona-mas-de-52-millones-de-euros-en-ayudas-a-la-industria-agroalimentaria-en-2020\/","title":{"rendered":"El Consell abona m\u00e1s de 52 millones de euros en ayudas a la industria agroalimentaria en 2020"},"content":{"rendered":"\n<p>A pesar de las dificultades sanitarias y econ\u00f3micas, \u201cla Conselleria de Agricultura cumple con los pagos en plazo y al ritmo de las autonom\u00edas m\u00e1s \u00e1giles de Espa\u00f1a\u201d seg\u00fan fuentes del organismo.<\/p>\n\n\n\n<p>&nbsp;Respecto a las inversiones en bodegas e instalaciones enol\u00f3gicas con cargo al Programa de Apoyo al Sector Vitivin\u00edcola Espa\u00f1ol (PASVE), la conselleria abona 3,59 millones de euros procedentes del FEAGA.<\/p>\n\n\n\n<p>A este respecto, en 2020 se han tramitado 40 expedientes de solicitud de pago procedentes de las convocatorias 2018 y 2019. Los importes pagados antes del 15 de octubre de 2020 han sido de 1.917.093,56 euros, y por limitaci\u00f3n del techo presupuestario impuestos por las medidas de mercado extraordinarias (cosecha en verde, destilaci\u00f3n de crisis, almacenamiento privado) se han debido diferir a los \u00faltimos meses de 2020 (despu\u00e9s del 15 de octubre de 2020), 1.667.821 euros adicionales.<\/p>\n\n\n\n<p>&nbsp;A las organizaciones de productores de frutas y hortalizas (OPFH), la Conselleria les ha abonado 37.445.747,58 euros del Fondo Europeo Agr\u00edcola de Garant\u00eda (FEAGA). Esta cuant\u00eda se ha distribuido entre 93 OPFH (21 de Alicante, 19 de Castell\u00f3n, y 53 de Valencia) que, en conjunto, agrupan a m\u00e1s de 35.000 socios productores del sector de frutas y hortalizas de la Comunitat Valenciana.<\/p>\n\n\n\n<p>Con estos fondos comunitarios cofinancian sus respectivos programas operativos, con los que abordan anualmente inversiones en diferentes \u00e1mbitos: desde la planificaci\u00f3n de la producci\u00f3n y la oferta, con inversiones en las explotaciones de los propios socios, pasando por potentes inversiones en instalaciones de transformaci\u00f3n y acondicionamiento, as\u00ed como en estrategias de mantenimiento y mejora de la calidad y comercializaci\u00f3n del producto.<\/p>\n\n\n\n<p>Tambi\u00e9n pueden hacer frente a inversiones en I+D+i, e incluso en medidas de prevenci\u00f3n y gesti\u00f3n de crisis, que se activan ante desequilibrios de la oferta y la demanda.<\/p>\n\n\n\n<p>La PAC exige sin embargo un cierto equilibrio financiero de los programas operativos en todas estas medidas, e incluso obliga a mantener un determinado gasto en actuaciones medioambientales que, si bien en la actual PAC 2014-2020 no es demasiado exigente, con las negociaciones de la pr\u00f3xima PAC lo va a ser en mayor medida.<\/p>\n\n\n\n<p>En los primeros quince d\u00edas de octubre de 2020 se tramitaron pagos por importe de 17,6 millones de euros. La Conselleria de Agricultura \u201cha realizado un esfuerzo importante durante estos meses para que la financiaci\u00f3n llegara a las Organizaciones de Productores de Frutas y Hortalizas de la manera m\u00e1s r\u00e1pida y eficiente, y el elevado grado de ejecuci\u00f3n del presupuesto (98,7%) demuestra un extraordinario ejercicio de programaci\u00f3n de las organizaciones, y un importante esfuerzo de las unidades t\u00e9cnicas de la Direcci\u00f3n General de Pol\u00edtica Agraria Com\u00fan para apoyarlas\u201d explican desde Agricultura.<\/p>\n\n\n\n<p>Sobre las ayudas a inversiones en industrias agroalimentarias con cargo al Programa de Desarrollo Rural de la Comunitat Valenciana 2014-2020 (del Fondo Europeo Agrario de Desarrollo Rural-Feader), a finales de 2020 se prev\u00e9 lanzar una nueva convocatoria de ayudas con cargo a esta medida, pero mientras tanto se realizan los pagos comprometidos por convocatorias previas.<\/p>\n\n\n\n<p>As\u00ed, en lo que va de a\u00f1o se han tramitado 6.846.046,23 euros, y est\u00e1n pendientes de justificar las inversiones que deben hacer los beneficiarios y beneficiarias para que se les abonen hasta 11,5 millones de euros (anualidad concedida en 2020), y que se pagar\u00e1n hasta el 31 de diciembre. Estas ayudas reciben cofinanciaci\u00f3n del Feader, del Ministerio de Agricultura, y de la Generalitat, seg\u00fan las previsiones del PDR-CV 2014-2020. Informa, <strong>Luis Ib\u00e1\u00f1ez.<\/strong><\/p>\n","protected":false},"excerpt":{"rendered":"<div class=\"mh-excerpt\">A pesar de las dificultades sanitarias y econ\u00f3micas, \u201cla Conselleria de Agricultura cumple con los pagos en plazo y al ritmo de las autonom\u00edas m\u00e1s \u00e1giles de Espa\u00f1a\u201d seg\u00fan fuentes del organismo. &nbsp;Respecto a las <a class=\"mh-excerpt-more\" href=\"https:\/\/www.tucomarca.com\/wordpress\/segunda\/el-consell-abona-mas-de-52-millones-de-euros-en-ayudas-a-la-industria-agroalimentaria-en-2020\/\" title=\"El Consell abona m\u00e1s de 52 millones de euros en ayudas a la industria agroalimentaria en 2020\">[+] <\/a><\/div>\n","protected":false},"author":12,"featured_media":115980,"comment_status":"open","ping_status":"open","sticky":false,"template":"","format":"standard","meta":{"footnotes":""},"categories":[169,46,8,72,42,28,27,3,43],"tags":[10395,12855,3640,10387],"class_list":{"0":"post-118668","1":"post","2":"type-post","3":"status-publish","4":"format-standard","5":"has-post-thumbnail","7":"category-agricultura-la-comarca","8":"category-camp-de-turia","9":"category-la-comarca","10":"category-sin-categorizar","11":"category-la-ribera","12":"category-requena","13":"category-requena-utiel","14":"category-seccion","15":"category-turis","16":"tag-camp-de-turia","17":"tag-conselleria-de-agricultura","18":"tag-la-ribera-alta","19":"tag-requena-utiel"},"_links":{"self":[{"href":"https:\/\/www.tucomarca.com\/wordpress\/segunda\/wp-json\/wp\/v2\/posts\/118668","targetHints":{"allow":["GET"]}}],"collection":[{"href":"https:\/\/www.tucomarca.com\/wordpress\/segunda\/wp-json\/wp\/v2\/posts"}],"about":[{"href":"https:\/\/www.tucomarca.com\/wordpress\/segunda\/wp-json\/wp\/v2\/types\/post"}],"author":[{"embeddable":true,"href":"https:\/\/www.tucomarca.com\/wordpress\/segunda\/wp-json\/wp\/v2\/users\/12"}],"replies":[{"embeddable":true,"href":"https:\/\/www.tucomarca.com\/wordpress\/segunda\/wp-json\/wp\/v2\/comments?post=118668"}],"version-history":[{"count":0,"href":"https:\/\/www.tucomarca.com\/wordpress\/segunda\/wp-json\/wp\/v2\/posts\/118668\/revisions"}],"wp:featuredmedia":[{"embeddable":true,"href":"https:\/\/www.tucomarca.com\/wordpress\/segunda\/wp-json\/wp\/v2\/media\/115980"}],"wp:attachment":[{"href":"https:\/\/www.tucomarca.com\/wordpress\/segunda\/wp-json\/wp\/v2\/media?parent=118668"}],"wp:term":[{"taxonomy":"category","embeddable":true,"href":"https:\/\/www.tucomarca.com\/wordpress\/segunda\/wp-json\/wp\/v2\/categories?post=118668"},{"taxonomy":"post_tag","embeddable":true,"href":"https:\/\/www.tucomarca.com\/wordpress\/segunda\/wp-json\/wp\/v2\/tags?post=118668"}],"curies":[{"name":"wp","href":"https:\/\/api.w.org\/{rel}","templated":true}]}}