{"id":118711,"date":"2020-11-11T15:01:45","date_gmt":"2020-11-11T14:01:45","guid":{"rendered":"http:\/\/www.tucomarca.com\/wordpress\/segunda\/?p=118711"},"modified":"2020-11-11T15:53:23","modified_gmt":"2020-11-11T14:53:23","slug":"el-cd-bunol-afronta-lleno-de-ilusion-y-muy-motivado-su-partido-de-hoy-contra-el-guia-por-una-plaza-en-la-copa-del-rey","status":"publish","type":"post","link":"https:\/\/www.tucomarca.com\/wordpress\/segunda\/el-cd-bunol-afronta-lleno-de-ilusion-y-muy-motivado-su-partido-de-hoy-contra-el-guia-por-una-plaza-en-la-copa-del-rey\/","title":{"rendered":"El CD Bu\u00f1ol afronta \u00ablleno de ilusi\u00f3n y muy motivado\u00bb su partido de hoy contra el Gu\u00eda por una plaza en la Copa del Rey"},"content":{"rendered":"\n<p>El Club Deportivo Bu\u00f1ol afronta su decisivo e hist\u00f3rico partido de este mi\u00e9rcoles contra el equipo canario de la UD Gu\u00eda \u00abcargado de ilusi\u00f3n y muy motivado sabiendo que contamos con el apoyo de todos nuestros aficionados, que aunque no pueden estar aqu\u00ed presentes en Canarias, est\u00e1n con todo su coraz\u00f3n, con su pensamiento y con toda su fuerza apoy\u00e1ndonos, como siempre han hecho, y m\u00e1s en estos momentos hist\u00f3ricos. Los v\u00eddeos de apoyo de los aficionados nos han gustado much\u00edsimo y muchos de ellos no paran de llamarnos y apoyarnos\u00bb, como ha explicado el presidente del CD Bu\u00f1ol, Paco Zan\u00f3n.<\/p>\n\n\n\n<p>\u00abMuy motivados porque la motivaci\u00f3n en estos partidos, para los dos equipos, es muy grande, llega sola. Es un partido especial para los dos y por tanto en este aspecto los dos equipos estamos en igualdad de condiciones\u00bb, en palabras del presidente.<\/p>\n\n\n\n<p>\u00abNo obstante, s\u00ed es cierto que donde no van a estar las cosas igualadas es en el ambiente, que va a ser muy favorable para ellos al contar con quinientas personas que van a estar apoyando a su equipo, como es normal, e intentando llevarlo en andas. Como si ocurriese con nosotros en el Beltr\u00e1n B\u00e1guena, vamos. Es un equipo adem\u00e1s de Tercera Divisi\u00f3n, juegan en casa, ante su p\u00fablico y en este sentido sabemos que los favoritos son ellos. Nosotros estamos aqu\u00ed como gladiadores, esperando para saltar a la arena\u00bb.   <\/p>\n\n\n\n<p><strong>\u00abUn momento hist\u00f3rico\u00bb<\/strong><\/p>\n\n\n\n<p>No obstante nadie en la expedici\u00f3n bu\u00f1olense es ajeno a que estos momentos son \u00abhist\u00f3ricos porque el haber llegado aqu\u00ed, pase lo que pase esta noche, ya es algo hist\u00f3rico. Es la primera vez que el CD Bu\u00f1ol se mete en la Copa del Rey, en la fase previa a ya un pie de la fase para competir con equipos de Primera o Segunda Divisi\u00f3n y tras haber sido los ganadores en nuestra Comunidad Aut\u00f3noma. Y a esto se une que estamos en v\u00edsperas de cumplir nuestro primer centenario, por lo que poder disputar la Copa del Rey contra equipos de Primera Divisi\u00f3n es un sue\u00f1o impensable para todas las personas que hemos estado ligados al club durante estos casi ya cien a\u00f1os de nuestra historia\u00bb.<\/p>\n\n\n\n<p>\u00abYa ha sido un hito hist\u00f3rico llegar hasta aqu\u00ed, pero poder seguir ser\u00eda apote\u00f3sico\u00bb, ha recalcado Paco Zan\u00f3n.<\/p>\n\n\n\n<p>Aunque llegar hasta aqu\u00ed no le ha resultado nada f\u00e1cil al CD Bu\u00f1ol que se ha tenido que deshacer del Castellonense, del Benicarl\u00f3 y ahora, para seguir adelante, deber\u00e1 hacerlo contra un Tercera (el CD Bu\u00f1ol  disputa la Regional Preferente), el equipo canario de la UD Gu\u00eda; a partido \u00fanico, fuera de casa y nada menos que en las islas Canarias.<\/p>\n\n\n\n<p>Por lo que s\u00ed que ha \u00ablamentado profundamente\u00bb Paco Zan\u00f3n ha sido que, \u00abdespu\u00e9s de todo el esfuerzo que ha hecho el equipo para poder llegar hasta aqu\u00ed, nuestra afici\u00f3n no haya podido disfrutar de \u00e9l en vivo y en directo, porque el p\u00fablico no ha podido asistir a los partidos o lo ha tenido que hacer con muchas limitaciones por la pandemia; y el \u00faltimo escollo lo tenemos que superar nada menos que en Canarias y sin ellos\u00bb. <\/p>\n\n\n\n<p>\u00abSin embargo, si hemos sido capaces de llegar hasta aqu\u00ed, por muy dif\u00edcil que lo podamos tener, los jugadores van a darlo todo y van a salir al campo a dejarse la piel para conseguir la victoria\u00bb.<\/p>\n\n\n\n<ul class=\"wp-block-gallery columns-3 is-cropped wp-block-gallery-1 is-layout-flex wp-block-gallery-is-layout-flex\"><li class=\"blocks-gallery-item\"><figure><img loading=\"lazy\" decoding=\"async\" width=\"787\" height=\"590\" src=\"https:\/\/www.tucomarca.com\/wordpress\/segunda\/wp-content\/uploads\/2020\/11\/CDBunolCanarias05.jpg\" alt=\"\" data-id=\"118728\" data-link=\"https:\/\/www.tucomarca.com\/wordpress\/segunda\/?attachment_id=118728\" class=\"wp-image-118728\" srcset=\"https:\/\/www.tucomarca.com\/wordpress\/segunda\/wp-content\/uploads\/2020\/11\/CDBunolCanarias05.jpg 787w, https:\/\/www.tucomarca.com\/wordpress\/segunda\/wp-content\/uploads\/2020\/11\/CDBunolCanarias05-300x225.jpg 300w, https:\/\/www.tucomarca.com\/wordpress\/segunda\/wp-content\/uploads\/2020\/11\/CDBunolCanarias05-768x576.jpg 768w, https:\/\/www.tucomarca.com\/wordpress\/segunda\/wp-content\/uploads\/2020\/11\/CDBunolCanarias05-678x509.jpg 678w, https:\/\/www.tucomarca.com\/wordpress\/segunda\/wp-content\/uploads\/2020\/11\/CDBunolCanarias05-326x245.jpg 326w, https:\/\/www.tucomarca.com\/wordpress\/segunda\/wp-content\/uploads\/2020\/11\/CDBunolCanarias05-80x60.jpg 80w\" sizes=\"auto, (max-width: 787px) 100vw, 787px\" \/><\/figure><\/li><li class=\"blocks-gallery-item\"><figure><img loading=\"lazy\" decoding=\"async\" width=\"787\" height=\"590\" src=\"https:\/\/www.tucomarca.com\/wordpress\/segunda\/wp-content\/uploads\/2020\/11\/CDBunolCanarias04.jpg\" alt=\"\" data-id=\"118724\" data-link=\"https:\/\/www.tucomarca.com\/wordpress\/segunda\/?attachment_id=118724\" class=\"wp-image-118724\" srcset=\"https:\/\/www.tucomarca.com\/wordpress\/segunda\/wp-content\/uploads\/2020\/11\/CDBunolCanarias04.jpg 787w, https:\/\/www.tucomarca.com\/wordpress\/segunda\/wp-content\/uploads\/2020\/11\/CDBunolCanarias04-300x225.jpg 300w, https:\/\/www.tucomarca.com\/wordpress\/segunda\/wp-content\/uploads\/2020\/11\/CDBunolCanarias04-768x576.jpg 768w, https:\/\/www.tucomarca.com\/wordpress\/segunda\/wp-content\/uploads\/2020\/11\/CDBunolCanarias04-678x509.jpg 678w, https:\/\/www.tucomarca.com\/wordpress\/segunda\/wp-content\/uploads\/2020\/11\/CDBunolCanarias04-326x245.jpg 326w, https:\/\/www.tucomarca.com\/wordpress\/segunda\/wp-content\/uploads\/2020\/11\/CDBunolCanarias04-80x60.jpg 80w\" sizes=\"auto, (max-width: 787px) 100vw, 787px\" \/><\/figure><\/li><li class=\"blocks-gallery-item\"><figure><img loading=\"lazy\" decoding=\"async\" width=\"787\" height=\"590\" src=\"https:\/\/www.tucomarca.com\/wordpress\/segunda\/wp-content\/uploads\/2020\/11\/CDBunolCanarias03.jpg\" alt=\"\" data-id=\"118722\" data-link=\"https:\/\/www.tucomarca.com\/wordpress\/segunda\/?attachment_id=118722\" class=\"wp-image-118722\" srcset=\"https:\/\/www.tucomarca.com\/wordpress\/segunda\/wp-content\/uploads\/2020\/11\/CDBunolCanarias03.jpg 787w, https:\/\/www.tucomarca.com\/wordpress\/segunda\/wp-content\/uploads\/2020\/11\/CDBunolCanarias03-300x225.jpg 300w, https:\/\/www.tucomarca.com\/wordpress\/segunda\/wp-content\/uploads\/2020\/11\/CDBunolCanarias03-768x576.jpg 768w, https:\/\/www.tucomarca.com\/wordpress\/segunda\/wp-content\/uploads\/2020\/11\/CDBunolCanarias03-678x509.jpg 678w, https:\/\/www.tucomarca.com\/wordpress\/segunda\/wp-content\/uploads\/2020\/11\/CDBunolCanarias03-326x245.jpg 326w, https:\/\/www.tucomarca.com\/wordpress\/segunda\/wp-content\/uploads\/2020\/11\/CDBunolCanarias03-80x60.jpg 80w\" sizes=\"auto, (max-width: 787px) 100vw, 787px\" \/><\/figure><\/li><li class=\"blocks-gallery-item\"><figure><img loading=\"lazy\" decoding=\"async\" width=\"787\" height=\"590\" src=\"https:\/\/www.tucomarca.com\/wordpress\/segunda\/wp-content\/uploads\/2020\/11\/CDBunolCanarias02.jpg\" alt=\"\" data-id=\"118720\" data-link=\"https:\/\/www.tucomarca.com\/wordpress\/segunda\/?attachment_id=118720\" class=\"wp-image-118720\" srcset=\"https:\/\/www.tucomarca.com\/wordpress\/segunda\/wp-content\/uploads\/2020\/11\/CDBunolCanarias02.jpg 787w, https:\/\/www.tucomarca.com\/wordpress\/segunda\/wp-content\/uploads\/2020\/11\/CDBunolCanarias02-300x225.jpg 300w, https:\/\/www.tucomarca.com\/wordpress\/segunda\/wp-content\/uploads\/2020\/11\/CDBunolCanarias02-768x576.jpg 768w, https:\/\/www.tucomarca.com\/wordpress\/segunda\/wp-content\/uploads\/2020\/11\/CDBunolCanarias02-678x509.jpg 678w, https:\/\/www.tucomarca.com\/wordpress\/segunda\/wp-content\/uploads\/2020\/11\/CDBunolCanarias02-326x245.jpg 326w, https:\/\/www.tucomarca.com\/wordpress\/segunda\/wp-content\/uploads\/2020\/11\/CDBunolCanarias02-80x60.jpg 80w\" sizes=\"auto, (max-width: 787px) 100vw, 787px\" \/><\/figure><\/li><li class=\"blocks-gallery-item\"><figure><img loading=\"lazy\" decoding=\"async\" width=\"787\" height=\"590\" src=\"https:\/\/www.tucomarca.com\/wordpress\/segunda\/wp-content\/uploads\/2020\/11\/CDBunolCanarias01.jpg\" alt=\"\" data-id=\"118718\" data-link=\"https:\/\/www.tucomarca.com\/wordpress\/segunda\/?attachment_id=118718\" class=\"wp-image-118718\" srcset=\"https:\/\/www.tucomarca.com\/wordpress\/segunda\/wp-content\/uploads\/2020\/11\/CDBunolCanarias01.jpg 787w, https:\/\/www.tucomarca.com\/wordpress\/segunda\/wp-content\/uploads\/2020\/11\/CDBunolCanarias01-300x225.jpg 300w, https:\/\/www.tucomarca.com\/wordpress\/segunda\/wp-content\/uploads\/2020\/11\/CDBunolCanarias01-768x576.jpg 768w, https:\/\/www.tucomarca.com\/wordpress\/segunda\/wp-content\/uploads\/2020\/11\/CDBunolCanarias01-678x509.jpg 678w, https:\/\/www.tucomarca.com\/wordpress\/segunda\/wp-content\/uploads\/2020\/11\/CDBunolCanarias01-326x245.jpg 326w, https:\/\/www.tucomarca.com\/wordpress\/segunda\/wp-content\/uploads\/2020\/11\/CDBunolCanarias01-80x60.jpg 80w\" sizes=\"auto, (max-width: 787px) 100vw, 787px\" \/><\/figure><\/li><li class=\"blocks-gallery-item\"><figure><img decoding=\"async\" src=\"https:\/\/www.tucomarca.com\/wordpress\/segunda\/wp-content\/uploads\/2020\/11\/CDBunolCanarias1-1024x682.jpg\" alt=\"\" data-id=\"118714\" data-link=\"https:\/\/www.tucomarca.com\/wordpress\/segunda\/?attachment_id=118714\" class=\"wp-image-118714\"\/><\/figure><\/li><\/ul>\n\n\n\n<p><strong>La expedici\u00f3n blanca<\/strong><\/p>\n\n\n\n<p>La expedici\u00f3n bu\u00f1olense sali\u00f3 del aeropuerto de Manises ayer martes a las 11,30 horas y lleg\u00f3 a las 14,00 horas sin problemas hasta el hotel de concentraci\u00f3n, NH Imperial Playa y donde se suelen alejar equipos de Segunda para cumplir todos los protocolos de la Federaci\u00f3n de F\u00fatbol. Un hotel que est\u00e1 ubicado en primera l\u00ednea de playa, separado 45 minutos del campo donde tendr\u00e1n que disputar su partido y donde los blancos se van a alojar hasta este jueves, momento en el que volver\u00e1n a casa en vuelo directo a Madrid. <\/p>\n\n\n\n<p>Un hotel cercano al campo donde el CD Bu\u00f1ol ha entrenado este martes, ya que los blancos no van a poder tener contacto con el terreno de juego del campo de la UD Gu\u00eda hasta instantes antes del partido. <\/p>\n\n\n\n<p>El presidente del CD Bu\u00f1ol tambi\u00e9n ha querido agradecer tanto a la Federaci\u00f3n de F\u00fatbol de la Comunidad Valenciana su apoyo log\u00edstico para el desplazamiento, alojamiento y entrenamientos en Canarias; as\u00ed como al Ayuntamiento de Bu\u00f1ol. <\/p>\n\n\n\n<p>El partido se disputar\u00e1 a partir de las 21,30 horas (horario peninsular; 20,30 horas en Canarias) para el que m\u00e1s de 500 personas han comprado su entrada para asistir al partido en el estadio municipal Octavio Est\u00e9vez del municipio canario de Santa Mar\u00eda de Gu\u00eda. Y, finalmente, no podr\u00e1 seguirse por ninguna cadena de televisi\u00f3n o streaming, pero s\u00ed podr\u00e1 escucharse en directo por la emisora canaria Radio Faro del Noroeste, disponible en este enlace: <a href=\"http:\/\/onlineradiobox.com\/es\/farodelnoroeste\/player\/?cs=es.farodelnoroeste&amp;played=1&amp;os=android\">http:\/\/onlineradiobox.com\/es\/farodelnoroeste\/player\/?cs=es.farodelnoroeste&amp;played=1&amp;os=android<\/a><\/p>\n","protected":false},"excerpt":{"rendered":"<div class=\"mh-excerpt\">El Club Deportivo Bu\u00f1ol afronta su decisivo e hist\u00f3rico partido de este mi\u00e9rcoles contra el equipo canario de la UD Gu\u00eda \u00abcargado de ilusi\u00f3n y muy motivado sabiendo que contamos con el apoyo de todos <a class=\"mh-excerpt-more\" href=\"https:\/\/www.tucomarca.com\/wordpress\/segunda\/el-cd-bunol-afronta-lleno-de-ilusion-y-muy-motivado-su-partido-de-hoy-contra-el-guia-por-una-plaza-en-la-copa-del-rey\/\" title=\"El CD Bu\u00f1ol afronta \u00ablleno de ilusi\u00f3n y muy motivado\u00bb su partido de hoy contra el Gu\u00eda por una plaza en la Copa del Rey\">[+] <\/a><\/div>\n","protected":false},"author":1,"featured_media":118714,"comment_status":"open","ping_status":"open","sticky":false,"template":"","format":"gallery","meta":{"footnotes":""},"categories":[18,50,6,8,72,10,3,45],"tags":[537,12728,10379,2802,5952],"class_list":{"0":"post-118711","1":"post","2":"type-post","3":"status-publish","4":"format-gallery","5":"has-post-thumbnail","7":"category-bunol","8":"category-futbol-deportes","9":"category-deportes","10":"category-la-comarca","11":"category-sin-categorizar","12":"category-la-hoya","13":"category-seccion","14":"category-ventana","15":"tag-cd-bunol","16":"tag-copa-del-rey","17":"tag-deportes","18":"tag-esport","19":"tag-la-hoya-de-bunol-chiva","20":"post_format-post-format-gallery"},"_links":{"self":[{"href":"https:\/\/www.tucomarca.com\/wordpress\/segunda\/wp-json\/wp\/v2\/posts\/118711","targetHints":{"allow":["GET"]}}],"collection":[{"href":"https:\/\/www.tucomarca.com\/wordpress\/segunda\/wp-json\/wp\/v2\/posts"}],"about":[{"href":"https:\/\/www.tucomarca.com\/wordpress\/segunda\/wp-json\/wp\/v2\/types\/post"}],"author":[{"embeddable":true,"href":"https:\/\/www.tucomarca.com\/wordpress\/segunda\/wp-json\/wp\/v2\/users\/1"}],"replies":[{"embeddable":true,"href":"https:\/\/www.tucomarca.com\/wordpress\/segunda\/wp-json\/wp\/v2\/comments?post=118711"}],"version-history":[{"count":0,"href":"https:\/\/www.tucomarca.com\/wordpress\/segunda\/wp-json\/wp\/v2\/posts\/118711\/revisions"}],"wp:featuredmedia":[{"embeddable":true,"href":"https:\/\/www.tucomarca.com\/wordpress\/segunda\/wp-json\/wp\/v2\/media\/118714"}],"wp:attachment":[{"href":"https:\/\/www.tucomarca.com\/wordpress\/segunda\/wp-json\/wp\/v2\/media?parent=118711"}],"wp:term":[{"taxonomy":"category","embeddable":true,"href":"https:\/\/www.tucomarca.com\/wordpress\/segunda\/wp-json\/wp\/v2\/categories?post=118711"},{"taxonomy":"post_tag","embeddable":true,"href":"https:\/\/www.tucomarca.com\/wordpress\/segunda\/wp-json\/wp\/v2\/tags?post=118711"}],"curies":[{"name":"wp","href":"https:\/\/api.w.org\/{rel}","templated":true}]}}