{"id":119048,"date":"2020-11-12T10:00:51","date_gmt":"2020-11-12T09:00:51","guid":{"rendered":"http:\/\/www.tucomarca.com\/wordpress\/segunda\/?p=119048"},"modified":"2020-11-13T20:15:19","modified_gmt":"2020-11-13T19:15:19","slug":"la-reserva-de-la-biosfera-del-alto-turia-constituye-su-consejo-rector","status":"publish","type":"post","link":"https:\/\/www.tucomarca.com\/wordpress\/segunda\/la-reserva-de-la-biosfera-del-alto-turia-constituye-su-consejo-rector\/","title":{"rendered":"La Reserva de la Biosfera del Alto Turia constituye su Consejo Rector"},"content":{"rendered":"\n<h4 class=\"wp-block-heading\">Ramiro Rivera, alcalde de Titaguas y Diputado de Desarrollo Rural, se pondr\u00e1 al frente del \u00f3rgano directivo&nbsp;<\/h4>\n\n\n\n<h4 class=\"wp-block-heading\">El consejo trabajar\u00e1 en proyectos de desarrollo sostenible para un territorio que abarca siete municipios valencianos y uno conquense<\/h4>\n\n\n\n<p>La Reserva de la Biosfera del Alto Turia ha constituido en la ma\u00f1ana de este mi\u00e9rcoles su Consejo Rector, \u00f3rgano de gobierno que a partir de ahora dirigir\u00e1 los proyectos de desarrollo para un amplio territorio que engloba a siete municipios valencianos (Chelva, Tu\u00e9jar, Benag\u00e9ber, Aras de los Olmos, Titaguas, Casas Bajas y Casas Altas) y uno conquense (Santa Cruz de Moya).<\/p>\n\n\n\n<p>Debido a las restricciones derivadas de la pandemia sanitaria la reuni\u00f3n para la constituci\u00f3n del nuevo Consejo se ha llevado a cabo de manera telem\u00e1tica con la presencia de la Consellera de Agricultura, Desarrollo Rural, Emergencia Clim\u00e1tica y Transici\u00f3n Ecol\u00f3gica de la Generalitat Valenciana, el Delegado Provincial de la Junta de Castilla-La Mancha en Cuenca, de las Diputaciones de Cuenca y Valencia, de la Universidad de Valencia, de la Confederaci\u00f3n Hidrogr\u00e1fica del J\u00facar y representantes de los pueblos integrantes de la Reserva.<\/p>\n\n\n\n<p>Finalmente, y por unanimidad, se ha nombrado como presidente del mismo a Ramiro Rivera, alcalde de Titaguas, diputado valenciano de Desarrollo Rural y uno de los grandes promotores de la declaraci\u00f3n de la Reserva por parte de la UNESCO en junio de 2019 tras una d\u00e9cada de trabajo.<\/p>\n\n\n\n<p><strong>Primer Consejo Rector<\/strong><\/p>\n\n\n\n<p>Junto a Rivera, ha sido nombrado como vicepresidente primero Rafael Darijo, alcalde de Benag\u00e9ber y presidente de la Mancomunidad del Alto Turia; como vicepresidente segundo, Jorge Hermosilla, Catedr\u00e1tico de Geograf\u00eda y Vicerrector de Proyecci\u00f3n Territorial y Sociedad de la Universitat de Val\u00e8ncia.<\/p>\n\n\n\n<p>Las vocal\u00edas ser\u00e1n asumidas por la Consellera de Agricultura, Desarrollo Rural, Emergencia Clim\u00e1tica y Transici\u00f3n Ecol\u00f3gica, Mireia Moll\u00e0, as\u00ed como el delegado de la Consejer\u00eda de Desarrollo Sostenible de Cuenca, Rodrigo Molina, y el diputado provincial de Cuenca, Santiago G\u00f3mez. Tambi\u00e9n actuar\u00e1n como vocales Vicente M. G\u00f3mez&nbsp; desde la Confederaci\u00f3n Hidrogr\u00e1fica del J\u00facar, Mar\u00eda Jos\u00e9 Amig\u00f3, diputada del \u00c1rea de Medio Ambiente y Sostenibilidad de Valencia as\u00ed como los alcaldes y alcaldesas de los diferentes pueblos integrantes de la Reserva.<\/p>\n\n\n\n<p>Como secretaria del Consejo ejercer\u00e1 M\u00aa Susana Romero, ADL de la Mancomunidad del Alto Turia y Gestora de la Reserva y otra de las grandes impulsoras del proceso de declaraci\u00f3n de la misma.<\/p>\n\n\n\n<p>En sus diferentes intervenciones, todos los representantes institucionales han formalizado su compromiso para colaborar y desarrollar proyectos de futuro para los pueblos de la zona basados en los valores que implican formar parte de una Reserva de la Biosfera: respeto al medio ambiente y desarrollo sostenible.<\/p>\n\n\n\n<p><strong>\u00abTrabajo y compromiso\u00bb<\/strong><\/p>\n\n\n\n<p>En su primera intervenci\u00f3n como ya presidente del Consejo Rector, Ramiro Rivera ha querido subrayar el \u00abgran esfuerzo que ha supuesto para todos durante m\u00e1s de 10 a\u00f1os\u00bb conseguir este reconocimiento, que es, no obstante \u00abel punto de partida desde el que hemos de trabajar, con una programaci\u00f3n y objetivos claros\u00bb.<\/p>\n\n\n\n<p>\u00abEl siguiente paso que tenemos que dar\u00bb, ha explicado Rivera, \u00abes poner sobre la mesa dos o tres proyectos que no encuentren demasiadas trabas pol\u00edticas o legales e iniciar el camino cuanto antes siempre enfocado a la sostenibilidad y con el objetivo final de mantener vivos nuestros pueblos\u00bb.<\/p>\n\n\n\n<p>Entre ellos, el diputado de Desarrollo Rural ha subrayado la importancia de poner en valor los productos del Alto Turia bajo un sello de calidad conjunto. \u00abPocas zonas pueden presumir de la diversidad de productos que nuestro territorio puede ofrecer\u00bb.<\/p>\n\n\n\n<p>\u00abMi compromiso y mi trabajo lo ten\u00e9is garantizado\u00bb, ha subrayado.<\/p>\n\n\n\n<p><strong>Financiaci\u00f3n como \u00abproyectos singulares\u00bb<\/strong><\/p>\n\n\n\n<p>Por su parte, la consellera valenciana de Agricultura, Desarrollo Rural, Emergencia Clim\u00e1tica y Transici\u00f3n Ecol\u00f3gica, Mireia Moll\u00e0, ha querido iniciar su intervenci\u00f3n reconociendo la labor de su antecesora en el cargo, Elena Cebri\u00e1n, bajo cuya direcci\u00f3n se consigui\u00f3 impulsar la candidatura de la Reserva de la Biosfera ante la UNESCO.<\/p>\n\n\n\n<p>Moll\u00e0 ha querido poner el acento en la importancia de basar todos los proyectos \u00aben el tejido social\u00bb.<\/p>\n\n\n\n<p>\u00abEse es nuestro reto, encontrar el equilibrio perfecto entre conservaci\u00f3n del medio natural y el desarrollo rural de estos territorios tan castigados por la despoblaci\u00f3n\u00bb<\/p>\n\n\n\n<p>A su vez la consellera ha adelantado que solicitar\u00e1 en pr\u00f3ximas reuniones la inclusi\u00f3n de los proyectos que puedan salir de esta y otras Reservas de la Biosfera dentro de los \u00abproyectos singulares\u00bb que se financiar\u00e1n desde la Uni\u00f3n Europea, tambi\u00e9n en el marco de los fondos de reconstrucci\u00f3n 2021-2027 acordados este verano.<\/p>\n\n\n\n<p>Por ello ha animado a los miembros del nuevo consejo \u00aba concretar los proyectos cuanto antes\u00bb.<\/p>\n","protected":false},"excerpt":{"rendered":"<div class=\"mh-excerpt\">Ramiro Rivera, alcalde de Titaguas y Diputado de Desarrollo Rural, se pondr\u00e1 al frente del \u00f3rgano directivo&nbsp; El consejo trabajar\u00e1 en proyectos de desarrollo sostenible para un territorio que abarca siete municipios valencianos y uno <a class=\"mh-excerpt-more\" href=\"https:\/\/www.tucomarca.com\/wordpress\/segunda\/la-reserva-de-la-biosfera-del-alto-turia-constituye-su-consejo-rector\/\" title=\"La Reserva de la Biosfera del Alto Turia constituye su Consejo Rector\">[+] <\/a><\/div>\n","protected":false},"author":12,"featured_media":119053,"comment_status":"open","ping_status":"open","sticky":false,"template":"","format":"standard","meta":{"footnotes":""},"categories":[49,223,101,141,224,225,188,128,8,59,117,3,189,134],"tags":[10397,10400,10678,13009],"class_list":{"0":"post-119048","1":"post","2":"type-post","3":"status-publish","4":"format-standard","5":"has-post-thumbnail","7":"category-ademuz","8":"category-ademuz-ademuz","9":"category-aras-de-olmos","10":"category-benageber","11":"category-casas-altas","12":"category-casas-bajas","13":"category-chelva","14":"category-infraestructuras","15":"category-la-comarca","16":"category-los-serranos","17":"category-medio-ambiente-la-comarca","18":"category-seccion","19":"category-titaguas","20":"category-tuejar","21":"tag-ademuz","22":"tag-los-serranos","23":"tag-mancomunidad-del-alto-turia","24":"tag-reserva-de-la-biosfera-del-alto-turia"},"_links":{"self":[{"href":"https:\/\/www.tucomarca.com\/wordpress\/segunda\/wp-json\/wp\/v2\/posts\/119048","targetHints":{"allow":["GET"]}}],"collection":[{"href":"https:\/\/www.tucomarca.com\/wordpress\/segunda\/wp-json\/wp\/v2\/posts"}],"about":[{"href":"https:\/\/www.tucomarca.com\/wordpress\/segunda\/wp-json\/wp\/v2\/types\/post"}],"author":[{"embeddable":true,"href":"https:\/\/www.tucomarca.com\/wordpress\/segunda\/wp-json\/wp\/v2\/users\/12"}],"replies":[{"embeddable":true,"href":"https:\/\/www.tucomarca.com\/wordpress\/segunda\/wp-json\/wp\/v2\/comments?post=119048"}],"version-history":[{"count":0,"href":"https:\/\/www.tucomarca.com\/wordpress\/segunda\/wp-json\/wp\/v2\/posts\/119048\/revisions"}],"wp:featuredmedia":[{"embeddable":true,"href":"https:\/\/www.tucomarca.com\/wordpress\/segunda\/wp-json\/wp\/v2\/media\/119053"}],"wp:attachment":[{"href":"https:\/\/www.tucomarca.com\/wordpress\/segunda\/wp-json\/wp\/v2\/media?parent=119048"}],"wp:term":[{"taxonomy":"category","embeddable":true,"href":"https:\/\/www.tucomarca.com\/wordpress\/segunda\/wp-json\/wp\/v2\/categories?post=119048"},{"taxonomy":"post_tag","embeddable":true,"href":"https:\/\/www.tucomarca.com\/wordpress\/segunda\/wp-json\/wp\/v2\/tags?post=119048"}],"curies":[{"name":"wp","href":"https:\/\/api.w.org\/{rel}","templated":true}]}}