{"id":119255,"date":"2020-11-16T08:08:06","date_gmt":"2020-11-16T07:08:06","guid":{"rendered":"http:\/\/www.tucomarca.com\/wordpress\/segunda\/?p=119255"},"modified":"2020-11-18T11:36:21","modified_gmt":"2020-11-18T10:36:21","slug":"amac-acuerda-suscribir-un-convenio-de-colaboracion-con-el-csn-que-mejore-la-informacion-sobre-asuntos-nucleares-en-la-poblacion","status":"publish","type":"post","link":"https:\/\/www.tucomarca.com\/wordpress\/segunda\/amac-acuerda-suscribir-un-convenio-de-colaboracion-con-el-csn-que-mejore-la-informacion-sobre-asuntos-nucleares-en-la-poblacion\/","title":{"rendered":"AMAC acuerda suscribir un convenio de colaboraci\u00f3n con el CSN que mejore la informaci\u00f3n sobre asuntos nucleares en la poblaci\u00f3n"},"content":{"rendered":"\n<p><strong><em>La Comisi\u00f3n Directiva celebrada este jueves, adem\u00e1s del acuerdo marco de colaboraci\u00f3n con el CSN, ha tratado asuntos relacionados con la Transici\u00f3n justa, los planes de emergencia nuclear y el VII Plan General de Residuos Radiactivos<\/em><\/strong><\/p>\n\n\n\n<p>&nbsp;La Asociaci\u00f3n de Municipios en \u00c1reas de Centrales Nucleares (AMAC), en su Comisi\u00f3n Directiva celebrada este jueves, ha dado luz verde a suscribir un convenio de colaboraci\u00f3n con el Consejo de Seguridad Nuclear (CSN).<\/p>\n\n\n\n<p>El objetivo del mismo, que tambi\u00e9n ha recibido ya la autorizaci\u00f3n por parte del pleno del CSN, es el desarrollo de actividades de formaci\u00f3n, informaci\u00f3n, participaci\u00f3n, divulgaci\u00f3n y de otra \u00edndole que contribuyan a mejorar la calidad, alcance y transparencia de la informaci\u00f3n sobre la seguridad nuclear y el funcionamiento de las centrales nucleares y almacenamientos de residuos radiactivos entre la poblaci\u00f3n de las \u00e1reas situadas en los alrededores de estas instalaciones.<\/p>\n\n\n\n<p>Ambas partes se comprometen a colaborar en el desarrollo de los trabajos y actividades comunes, entre los que se encuentran planes conjuntos de formaci\u00f3n en materia de seguridad nuclear y el desarrollo de estudios, informes y evaluaciones encaminados a mejorar la informaci\u00f3n, transparencia y percepci\u00f3n de la seguridad nuclear y la protecci\u00f3n radiol\u00f3gica.<\/p>\n\n\n\n<p>Asimismo, el convenio contempla actuaciones de informaci\u00f3n a la poblaci\u00f3n mediante la organizaci\u00f3n de cursos espec\u00edficos, seminarios, sesiones monogr\u00e1ficas o reuniones de trabajo conjunto cuyo fin sea potenciar el conocimiento en temas de seguridad nuclear y protecci\u00f3n radiol\u00f3gica.&nbsp;<\/p>\n\n\n\n<p>Por \u00faltimo, se ha acordado la colaboraci\u00f3n en el asesoramiento mutuo y divulgaci\u00f3n de las actividades, a trav\u00e9s de su personal t\u00e9cnico como expertos cualificados de ambas entidades.<\/p>\n\n\n\n<p><strong>M\u00e1s y mejor informaci\u00f3n&nbsp;<\/strong><\/p>\n\n\n\n<p>Cabe recordar que hace un a\u00f1o, responsables de la Asociaci\u00f3n de Municipios Nucleares y del CSN mantuvieron una reuni\u00f3n donde acordaron recuperar los convenios de colaboraci\u00f3n que, en a\u00f1os anteriores, vinculaban a ambas partes.<\/p>\n\n\n\n<p>El presidente de AMAC, Juan Pedro S\u00e1nchez Yebra, ha se\u00f1alado que \u201cel objetivo es transmitir a la poblaci\u00f3n de la mejor de las maneras posibles c\u00f3mo funcionan las centrales nucleares\u201d.<\/p>\n\n\n\n<p>Est\u00e1 previsto que en los pr\u00f3ximos d\u00edas se formalice este convenio entre ambas entidades.&nbsp;<\/p>\n\n\n\n<p>En otro orden de cosas, durante la Comisi\u00f3n Directiva de AMAC celebrada este jueves de manera telem\u00e1tica, tambi\u00e9n se han abordado otros asuntos, como la Transici\u00f3n justa, los planes de emergencia nuclear y el VII Plan General de Residuos Radiactivos (PGRR).<\/p>\n","protected":false},"excerpt":{"rendered":"<div class=\"mh-excerpt\">La Comisi\u00f3n Directiva celebrada este jueves, adem\u00e1s del acuerdo marco de colaboraci\u00f3n con el CSN, ha tratado asuntos relacionados con la Transici\u00f3n justa, los planes de emergencia nuclear y el VII Plan General de Residuos <a class=\"mh-excerpt-more\" href=\"https:\/\/www.tucomarca.com\/wordpress\/segunda\/amac-acuerda-suscribir-un-convenio-de-colaboracion-con-el-csn-que-mejore-la-informacion-sobre-asuntos-nucleares-en-la-poblacion\/\" title=\"AMAC acuerda suscribir un convenio de colaboraci\u00f3n con el CSN que mejore la informaci\u00f3n sobre asuntos nucleares en la poblaci\u00f3n\">[+] <\/a><\/div>\n","protected":false},"author":1,"featured_media":119256,"comment_status":"open","ping_status":"open","sticky":false,"template":"","format":"standard","meta":{"footnotes":""},"categories":[39,38,41,40,128,230,231,8,72,117,142,3,232,233],"tags":[10540,77,6660],"class_list":{"0":"post-119255","1":"post","2":"type-post","3":"status-publish","4":"format-standard","5":"has-post-thumbnail","7":"category-ayora","8":"category-ayora-cofrentes","9":"category-cofrentes","10":"category-cortes-de-pallas","11":"category-infraestructuras","12":"category-jalance","13":"category-jarafuel","14":"category-la-comarca","15":"category-sin-categorizar","16":"category-medio-ambiente-la-comarca","17":"category-politica-la-comarca","18":"category-seccion","19":"category-teresa-de-cofrentes","20":"category-zarra","21":"tag-ayora-cofrentes","22":"tag-energia","23":"tag-nuclear"},"_links":{"self":[{"href":"https:\/\/www.tucomarca.com\/wordpress\/segunda\/wp-json\/wp\/v2\/posts\/119255","targetHints":{"allow":["GET"]}}],"collection":[{"href":"https:\/\/www.tucomarca.com\/wordpress\/segunda\/wp-json\/wp\/v2\/posts"}],"about":[{"href":"https:\/\/www.tucomarca.com\/wordpress\/segunda\/wp-json\/wp\/v2\/types\/post"}],"author":[{"embeddable":true,"href":"https:\/\/www.tucomarca.com\/wordpress\/segunda\/wp-json\/wp\/v2\/users\/1"}],"replies":[{"embeddable":true,"href":"https:\/\/www.tucomarca.com\/wordpress\/segunda\/wp-json\/wp\/v2\/comments?post=119255"}],"version-history":[{"count":0,"href":"https:\/\/www.tucomarca.com\/wordpress\/segunda\/wp-json\/wp\/v2\/posts\/119255\/revisions"}],"wp:featuredmedia":[{"embeddable":true,"href":"https:\/\/www.tucomarca.com\/wordpress\/segunda\/wp-json\/wp\/v2\/media\/119256"}],"wp:attachment":[{"href":"https:\/\/www.tucomarca.com\/wordpress\/segunda\/wp-json\/wp\/v2\/media?parent=119255"}],"wp:term":[{"taxonomy":"category","embeddable":true,"href":"https:\/\/www.tucomarca.com\/wordpress\/segunda\/wp-json\/wp\/v2\/categories?post=119255"},{"taxonomy":"post_tag","embeddable":true,"href":"https:\/\/www.tucomarca.com\/wordpress\/segunda\/wp-json\/wp\/v2\/tags?post=119255"}],"curies":[{"name":"wp","href":"https:\/\/api.w.org\/{rel}","templated":true}]}}