{"id":119278,"date":"2020-11-16T00:55:07","date_gmt":"2020-11-15T23:55:07","guid":{"rendered":"http:\/\/www.tucomarca.com\/wordpress\/segunda\/?p=119278"},"modified":"2020-11-16T02:56:42","modified_gmt":"2020-11-16T01:56:42","slug":"los-precios-del-aceite-de-oliva-continuan-hundidos","status":"publish","type":"post","link":"https:\/\/www.tucomarca.com\/wordpress\/segunda\/los-precios-del-aceite-de-oliva-continuan-hundidos\/","title":{"rendered":"Los precios del aceite de oliva contin\u00faan hundidos"},"content":{"rendered":"\n<h4 class=\"wp-block-heading\">En la campa\u00f1a actual se espera una producci\u00f3n de aceituna por encima de la normal en torno a un 10%<\/h4>\n\n\n\n<p>La producci\u00f3n de aceite de oliva en la comarca Requena-Utiel \u201cser\u00e1 en la campa\u00f1a actual, en torno a un 10% superior comparada con una normal\u201d seg\u00fan coment\u00f3 Luis Javier Navarro, vicesecretario de la Uni\u00f3 de Llauradors.<\/p>\n\n\n\n<p>La recolecci\u00f3n de las aceitunas ha comenzado ya con las variedades de maduraci\u00f3n m\u00e1s temprana, mientras que, para la recogida de la Cornicabra -la m\u00e1s abundante de la zona- todav\u00eda faltan unos d\u00edas.<\/p>\n\n\n\n<p>La parte m\u00e1s negativa de la campa\u00f1a ole\u00edcola es los precios ruinosos que se est\u00e1n pagando por el aceite de oliva. Sobre este asunto, Luis Javier Navarro manifest\u00f3 que, \u201cpara la campa\u00f1a actual se esperan precios similares a los que rigieron en la pasada\u201d.<\/p>\n\n\n\n<p>Cabe recordar que,&nbsp; la falta de rentabilidad del cultivo del olivo est\u00e1 provocando el abandono de muchas parcelas de olivos con un alto potencial de producci\u00f3n. Informa, <strong>Luis Ib\u00e1\u00f1ez.<\/strong><\/p>\n","protected":false},"excerpt":{"rendered":"<div class=\"mh-excerpt\">En la campa\u00f1a actual se espera una producci\u00f3n de aceituna por encima de la normal en torno a un 10% La producci\u00f3n de aceite de oliva en la comarca Requena-Utiel \u201cser\u00e1 en la campa\u00f1a actual, <a class=\"mh-excerpt-more\" href=\"https:\/\/www.tucomarca.com\/wordpress\/segunda\/los-precios-del-aceite-de-oliva-continuan-hundidos\/\" title=\"Los precios del aceite de oliva contin\u00faan hundidos\">[+] <\/a><\/div>\n","protected":false},"author":12,"featured_media":117719,"comment_status":"open","ping_status":"open","sticky":false,"template":"","format":"standard","meta":{"footnotes":""},"categories":[169,112,236,37,138,139,8,111,28,27,140,3,235,29,234,120],"tags":[13015,10387,5402],"class_list":{"0":"post-119278","1":"post","2":"type-post","3":"status-publish","4":"format-standard","5":"has-post-thumbnail","7":"category-agricultura-la-comarca","8":"category-campo-arcis","9":"category-camporrobles","10":"category-caudete","11":"category-chera","12":"category-fuenterrobles","13":"category-la-comarca","14":"category-las-cuevas","15":"category-requena","16":"category-requena-utiel","17":"category-san-antonio","18":"category-seccion","19":"category-sinarcas","20":"category-utiel","21":"category-venta-del-moro","22":"category-villargordo-del-cabriel","23":"tag-aceite-de-oliva","24":"tag-requena-utiel","25":"tag-unio-de-llauradors"},"_links":{"self":[{"href":"https:\/\/www.tucomarca.com\/wordpress\/segunda\/wp-json\/wp\/v2\/posts\/119278","targetHints":{"allow":["GET"]}}],"collection":[{"href":"https:\/\/www.tucomarca.com\/wordpress\/segunda\/wp-json\/wp\/v2\/posts"}],"about":[{"href":"https:\/\/www.tucomarca.com\/wordpress\/segunda\/wp-json\/wp\/v2\/types\/post"}],"author":[{"embeddable":true,"href":"https:\/\/www.tucomarca.com\/wordpress\/segunda\/wp-json\/wp\/v2\/users\/12"}],"replies":[{"embeddable":true,"href":"https:\/\/www.tucomarca.com\/wordpress\/segunda\/wp-json\/wp\/v2\/comments?post=119278"}],"version-history":[{"count":0,"href":"https:\/\/www.tucomarca.com\/wordpress\/segunda\/wp-json\/wp\/v2\/posts\/119278\/revisions"}],"wp:featuredmedia":[{"embeddable":true,"href":"https:\/\/www.tucomarca.com\/wordpress\/segunda\/wp-json\/wp\/v2\/media\/117719"}],"wp:attachment":[{"href":"https:\/\/www.tucomarca.com\/wordpress\/segunda\/wp-json\/wp\/v2\/media?parent=119278"}],"wp:term":[{"taxonomy":"category","embeddable":true,"href":"https:\/\/www.tucomarca.com\/wordpress\/segunda\/wp-json\/wp\/v2\/categories?post=119278"},{"taxonomy":"post_tag","embeddable":true,"href":"https:\/\/www.tucomarca.com\/wordpress\/segunda\/wp-json\/wp\/v2\/tags?post=119278"}],"curies":[{"name":"wp","href":"https:\/\/api.w.org\/{rel}","templated":true}]}}