{"id":119296,"date":"2020-11-15T19:10:39","date_gmt":"2020-11-15T18:10:39","guid":{"rendered":"http:\/\/www.tucomarca.com\/wordpress\/segunda\/?p=119296"},"modified":"2020-11-16T02:46:44","modified_gmt":"2020-11-16T01:46:44","slug":"la-guardia-civil-detiene-a-una-persona-que-sustraia-de-forma-violenta-cajas-de-marisco-de-tiendas-de-productos-congelados-en-la-ribera-alta","status":"publish","type":"post","link":"https:\/\/www.tucomarca.com\/wordpress\/segunda\/la-guardia-civil-detiene-a-una-persona-que-sustraia-de-forma-violenta-cajas-de-marisco-de-tiendas-de-productos-congelados-en-la-ribera-alta\/","title":{"rendered":"La Guardia Civil detiene a una persona  que sustra\u00eda de forma violenta cajas de marisco de tiendas de productos congelados en La Ribera Alta"},"content":{"rendered":"\n<h4 class=\"wp-block-heading\"><strong>En el marco de un operativo realizado por la Guardia Civil de Carcaixent se ha detenido a un var\u00f3n por su presunta implicaci\u00f3n en los delitos de robo con violencia y hurto en establecimientos&nbsp; de alimentaci\u00f3n<\/strong><\/h4>\n\n\n\n<h4 class=\"wp-block-heading\"><strong>Los robos fueron perpetrados principalmente en establecimientos de alimentos congelados, donde el autor sustra\u00eda cajas de mariscos<\/strong><\/h4>\n\n\n\n<p>La Guardia Civil dentro de los servicios establecidos de forma permanente, en el marco del plan de actuaciones para la prevenci\u00f3n del comercio seguro en establecimientos, ha detenido a un var\u00f3n como presunto autor de&nbsp; delitos de robo con violencia y hurto, en varias localidades de la Ribera Alta.<\/p>\n\n\n\n<p>La Guardia Civil de Carcaixent inicio un operativo al objeto de poder identificar y detener al autor o autores de los hechos delictivos llevados a cabo, desde finales del mes de octubre, de robo con violencia e intimidaci\u00f3n y hurto.<\/p>\n\n\n\n<p>Fruto de las gestiones realizadas por los responsables de este operativo se logr\u00f3 esclarecer diversos hechos, y proceder contra el presunto autor.<\/p>\n\n\n\n<p>Desde finales de octubre, se fueron interponiendo diversas denuncias relativas al robo con violencia e intimidaci\u00f3n, y&nbsp;hurto en diferentes establecimientos comerciales de venta de congelados, afectando a las localidades de Alberic,&nbsp;Guadassuar, Carlet, l\u2019Alcudia y Carcaixent.<\/p>\n\n\n\n<p>El autor principal de los hechos entraba en los establecimientos, entablaba conversaci\u00f3n con la empleada y le solicitaba tres cajas de marisco, de alto coste. Una vez la empleada sacaba la mercanc\u00eda solicitada, el autor algunas veces usando la violencia, le daba un tir\u00f3n a la misma y sal\u00eda corriendo de dicho lugar. Adem\u00e1s, no dudaba en violentar a las trabajadoras si opon\u00edan alg\u00fan tipo de resistencia, ocasionando varias lesiones a algunas de estas.<\/p>\n\n\n\n<p>Fruto de las gestiones realizadas por los responsables de este operativo se logr\u00f3&nbsp; detener a un var\u00f3n de 29 a\u00f1os de nacionalidad espa\u00f1ola, como presunto autor de 7 delitos, siendo estos de robo con violencia e intimidaci\u00f3n y hurto.<\/p>\n\n\n\n<p>Las diligencias han pasado a disposici\u00f3n del Juzgado de Primera Instancia e Instrucci\u00f3n n\u00ba1 de Alzira.<\/p>\n","protected":false},"excerpt":{"rendered":"<div class=\"mh-excerpt\">En el marco de un operativo realizado por la Guardia Civil de Carcaixent se ha detenido a un var\u00f3n por su presunta implicaci\u00f3n en los delitos de robo con violencia y hurto en establecimientos&nbsp; de <a class=\"mh-excerpt-more\" href=\"https:\/\/www.tucomarca.com\/wordpress\/segunda\/la-guardia-civil-detiene-a-una-persona-que-sustraia-de-forma-violenta-cajas-de-marisco-de-tiendas-de-productos-congelados-en-la-ribera-alta\/\" title=\"La Guardia Civil detiene a una persona  que sustra\u00eda de forma violenta cajas de marisco de tiendas de productos congelados en La Ribera Alta\">[+] <\/a><\/div>\n","protected":false},"author":12,"featured_media":119298,"comment_status":"open","ping_status":"open","sticky":false,"template":"","format":"standard","meta":{"footnotes":""},"categories":[291,143,292,8,42,3,116],"tags":[10395,10462,10419,1098],"class_list":{"0":"post-119296","1":"post","2":"type-post","3":"status-publish","4":"format-standard","5":"has-post-thumbnail","7":"category-carlet","8":"category-guadassuar","9":"category-lalcudia","10":"category-la-comarca","11":"category-la-ribera","12":"category-seccion","13":"category-sucesos-la-comarca","14":"tag-camp-de-turia","15":"tag-carlet","16":"tag-guadassuar","17":"tag-guardia-civil"},"_links":{"self":[{"href":"https:\/\/www.tucomarca.com\/wordpress\/segunda\/wp-json\/wp\/v2\/posts\/119296","targetHints":{"allow":["GET"]}}],"collection":[{"href":"https:\/\/www.tucomarca.com\/wordpress\/segunda\/wp-json\/wp\/v2\/posts"}],"about":[{"href":"https:\/\/www.tucomarca.com\/wordpress\/segunda\/wp-json\/wp\/v2\/types\/post"}],"author":[{"embeddable":true,"href":"https:\/\/www.tucomarca.com\/wordpress\/segunda\/wp-json\/wp\/v2\/users\/12"}],"replies":[{"embeddable":true,"href":"https:\/\/www.tucomarca.com\/wordpress\/segunda\/wp-json\/wp\/v2\/comments?post=119296"}],"version-history":[{"count":0,"href":"https:\/\/www.tucomarca.com\/wordpress\/segunda\/wp-json\/wp\/v2\/posts\/119296\/revisions"}],"wp:featuredmedia":[{"embeddable":true,"href":"https:\/\/www.tucomarca.com\/wordpress\/segunda\/wp-json\/wp\/v2\/media\/119298"}],"wp:attachment":[{"href":"https:\/\/www.tucomarca.com\/wordpress\/segunda\/wp-json\/wp\/v2\/media?parent=119296"}],"wp:term":[{"taxonomy":"category","embeddable":true,"href":"https:\/\/www.tucomarca.com\/wordpress\/segunda\/wp-json\/wp\/v2\/categories?post=119296"},{"taxonomy":"post_tag","embeddable":true,"href":"https:\/\/www.tucomarca.com\/wordpress\/segunda\/wp-json\/wp\/v2\/tags?post=119296"}],"curies":[{"name":"wp","href":"https:\/\/api.w.org\/{rel}","templated":true}]}}