{"id":119335,"date":"2020-11-16T08:07:30","date_gmt":"2020-11-16T07:07:30","guid":{"rendered":"http:\/\/www.tucomarca.com\/wordpress\/segunda\/?p=119335"},"modified":"2020-11-17T07:07:35","modified_gmt":"2020-11-17T06:07:35","slug":"ava-asaja-da-prioridad-a-la-retirada-de-la-paja-pero-pide-para-la-que-no-se-pueda-una-quema-controlada-porque-es-la-mejor-solucion-agricola-y-medioambiental","status":"publish","type":"post","link":"https:\/\/www.tucomarca.com\/wordpress\/segunda\/ava-asaja-da-prioridad-a-la-retirada-de-la-paja-pero-pide-para-la-que-no-se-pueda-una-quema-controlada-porque-es-la-mejor-solucion-agricola-y-medioambiental\/","title":{"rendered":"AVA-Asaja da prioridad a la retirada de la paja pero pide, para la que no se pueda, una quema controlada porque es la mejor soluci\u00f3n agr\u00edcola y medioambiental"},"content":{"rendered":"\n<h4 class=\"wp-block-heading\">Las restricciones a la quema de la paja del arroz y la gota fr\u00eda causan un grave da\u00f1o ecol\u00f3gico en La Albufera que amenaza con una mortandad de peces<\/h4>\n\n\n\n<figure class=\"wp-block-image\"><img loading=\"lazy\" decoding=\"async\" width=\"787\" height=\"443\" src=\"https:\/\/www.tucomarca.com\/wordpress\/segunda\/wp-content\/uploads\/2020\/11\/AlbuferaArroz2.jpg\" alt=\"\" class=\"wp-image-119337\" srcset=\"https:\/\/www.tucomarca.com\/wordpress\/segunda\/wp-content\/uploads\/2020\/11\/AlbuferaArroz2.jpg 787w, https:\/\/www.tucomarca.com\/wordpress\/segunda\/wp-content\/uploads\/2020\/11\/AlbuferaArroz2-300x169.jpg 300w, https:\/\/www.tucomarca.com\/wordpress\/segunda\/wp-content\/uploads\/2020\/11\/AlbuferaArroz2-768x432.jpg 768w, https:\/\/www.tucomarca.com\/wordpress\/segunda\/wp-content\/uploads\/2020\/11\/AlbuferaArroz2-678x381.jpg 678w\" sizes=\"auto, (max-width: 787px) 100vw, 787px\" \/><\/figure>\n\n\n\n<p>La Asociaci\u00f3n Valenciana de Agricultores (AVA-ASAJA) alerta de que las restricciones impuestas por las Administraciones a la quema de la paja del arroz y los efectos de la reciente gota fr\u00eda han ocasionado un grave da\u00f1o ecol\u00f3gico en la mitad norte del parque natural de La Albufera, desde Sollana hasta Valencia, al generar aguas negras sin ox\u00edgeno que amenazan con provocar una elevada mortandad de peces.<\/p>\n\n\n\n<p>Las \u00faltimas lluvias torrenciales han arrastrado a centenares de arrozales y acequias del paraje protegido montones de paja que a\u00fan no se hab\u00edan podido retirar o \u2018fanguear\u2019, es decir, mezclar en la tierra para convertirla en materia org\u00e1nica. La Conselleria de Agricultura no permit\u00eda este a\u00f1o quemar este residuo en la zona norte del parque, puesto que la autorizaci\u00f3n se alterna anualmente y en 2020 era el turno de la mitad sur, que comprende fundamentalmente los t\u00e9rminos de Sueca y Cullera. Desde entonces, la paja arrastrada se est\u00e1 pudriendo y ello desencadena el fen\u00f3meno de la anoxia, que ennegrece las aguas y las deja sin apenas ox\u00edgeno.<\/p>\n\n\n\n<p>AVA-ASAJA advierte de las nefastas consecuencias que pueden haber tanto desde el punto de vista ambiental, en forma de mortandad de fauna y flora en un espacio de alto valor ecol\u00f3gico, como desde el punto de vista agron\u00f3mico, ya que si la paja no se retirara en unas semanas los agricultores tendr\u00edan serios problemas para sembrar la pr\u00f3xima temporada y para prevenir la incidencia de plagas y enfermedades que afectan al cultivo del arroz.<\/p>\n\n\n\n<p>El responsable de la sectorial del arroz de AVA-ASAJA, Miguel Minguet, explica que \u201cno es la primera vez que las limitaciones a la quema de la paja causan este desastre medioambiental, pero queremos que sea la \u00faltima, y para ello hay que aprender de los errores. Estamos de acuerdo en que la retirada y la revalorizaci\u00f3n debe ser la prioridad a la hora de gestionar este residuo, pero todo aquel que no pueda ser retirado por falta de tecnolog\u00eda deber\u00eda ser incinerado, siempre de una manera ordenada y controlada para evitar molestias a la sociedad, porque a d\u00eda de hoy es la mejor soluci\u00f3n agr\u00edcola y medioambiental\u201d.<\/p>\n\n\n\n<p>AVA-ASAJA valora el trabajo que est\u00e1 acometiendo el ayuntamiento de Valencia mediante la puesta en marcha de brigadas de maquinaria para limpiar de ca\u00f1as y paja las acequias. Sin embargo, la organizaci\u00f3n agraria lamenta, una vez m\u00e1s, que \u201cla Generalitat Valenciana no est\u00e1 a la altura de las circunstancias a pesar de ser la administraci\u00f3n que ostenta las competencias de todo el parque natural de La Albufera\u201d.<\/p>\n","protected":false},"excerpt":{"rendered":"<div class=\"mh-excerpt\">Las restricciones a la quema de la paja del arroz y la gota fr\u00eda causan un grave da\u00f1o ecol\u00f3gico en La Albufera que amenaza con una mortandad de peces La Asociaci\u00f3n Valenciana de Agricultores (AVA-ASAJA) <a class=\"mh-excerpt-more\" href=\"https:\/\/www.tucomarca.com\/wordpress\/segunda\/ava-asaja-da-prioridad-a-la-retirada-de-la-paja-pero-pide-para-la-que-no-se-pueda-una-quema-controlada-porque-es-la-mejor-solucion-agricola-y-medioambiental\/\" title=\"AVA-Asaja da prioridad a la retirada de la paja pero pide, para la que no se pueda, una quema controlada porque es la mejor soluci\u00f3n agr\u00edcola y medioambiental\">[+] <\/a><\/div>\n","protected":false},"author":12,"featured_media":119339,"comment_status":"open","ping_status":"open","sticky":false,"template":"","format":"standard","meta":{"footnotes":""},"categories":[169,8,72,3],"tags":[328,12855,13033],"class_list":{"0":"post-119335","1":"post","2":"type-post","3":"status-publish","4":"format-standard","5":"has-post-thumbnail","7":"category-agricultura-la-comarca","8":"category-la-comarca","9":"category-sin-categorizar","10":"category-seccion","11":"tag-ava-asaja","12":"tag-conselleria-de-agricultura","13":"tag-la-albufera"},"_links":{"self":[{"href":"https:\/\/www.tucomarca.com\/wordpress\/segunda\/wp-json\/wp\/v2\/posts\/119335","targetHints":{"allow":["GET"]}}],"collection":[{"href":"https:\/\/www.tucomarca.com\/wordpress\/segunda\/wp-json\/wp\/v2\/posts"}],"about":[{"href":"https:\/\/www.tucomarca.com\/wordpress\/segunda\/wp-json\/wp\/v2\/types\/post"}],"author":[{"embeddable":true,"href":"https:\/\/www.tucomarca.com\/wordpress\/segunda\/wp-json\/wp\/v2\/users\/12"}],"replies":[{"embeddable":true,"href":"https:\/\/www.tucomarca.com\/wordpress\/segunda\/wp-json\/wp\/v2\/comments?post=119335"}],"version-history":[{"count":0,"href":"https:\/\/www.tucomarca.com\/wordpress\/segunda\/wp-json\/wp\/v2\/posts\/119335\/revisions"}],"wp:featuredmedia":[{"embeddable":true,"href":"https:\/\/www.tucomarca.com\/wordpress\/segunda\/wp-json\/wp\/v2\/media\/119339"}],"wp:attachment":[{"href":"https:\/\/www.tucomarca.com\/wordpress\/segunda\/wp-json\/wp\/v2\/media?parent=119335"}],"wp:term":[{"taxonomy":"category","embeddable":true,"href":"https:\/\/www.tucomarca.com\/wordpress\/segunda\/wp-json\/wp\/v2\/categories?post=119335"},{"taxonomy":"post_tag","embeddable":true,"href":"https:\/\/www.tucomarca.com\/wordpress\/segunda\/wp-json\/wp\/v2\/tags?post=119335"}],"curies":[{"name":"wp","href":"https:\/\/api.w.org\/{rel}","templated":true}]}}