{"id":119372,"date":"2020-11-16T21:55:16","date_gmt":"2020-11-16T20:55:16","guid":{"rendered":"http:\/\/www.tucomarca.com\/wordpress\/segunda\/?p=119372"},"modified":"2020-11-17T07:00:46","modified_gmt":"2020-11-17T06:00:46","slug":"arranca-el-proyecto-montecarlo-es-cultura-con-la-presentacion-del-disco-no-me-vayas-a-enganar-de-leandro-perpinan-y-javier-galiana","status":"publish","type":"post","link":"https:\/\/www.tucomarca.com\/wordpress\/segunda\/arranca-el-proyecto-montecarlo-es-cultura-con-la-presentacion-del-disco-no-me-vayas-a-enganar-de-leandro-perpinan-y-javier-galiana\/","title":{"rendered":"Arranca el proyecto \u201cMontecarlo es Cultura\u201d con la presentaci\u00f3n del disco \u201cNo me vayas a enga\u00f1ar\u201d de Leandro Perpi\u00f1\u00e1n y Javier Galiana"},"content":{"rendered":"\n<p>Con la idea de ofrecer una programaci\u00f3n estable en el Teatro Montecarlo, nace la iniciativa de la Sociedad Musical La Art\u00edstica de Bu\u00f1ol \u201cMontecarlo es Cultura\u201d, con la inestimable colaboraci\u00f3n del Ayuntamiento de la localidad. El proyecto quiere abrir las puertas del emblem\u00e1tico teatro a cualquier disciplina art\u00edstica, luchando de este modo por mantener la cultura viva en estos tiempos tan complicados.<\/p>\n\n\n\n<p>El primer evento de esta propuesto tendr\u00e1 lugar el pr\u00f3ximo s\u00e1bado 28 de noviembre, con la presentaci\u00f3n del disco \u201cNo me vayas a enga\u00f1ar\u201d del saxofonista Leandro Perpi\u00f1\u00e1n y el pianista Javier Galiana, en una velada titulada \u201cMontecarlo es Jazz\u201d, que adem\u00e1s contar\u00e1 con la actuaci\u00f3n de JAT Jazz Quartet.<\/p>\n\n\n\n<p>Formado por Daniel Orts al piano, Ricardo Osorno al contrabajo, Manuel Ernesto Mont\u00e1\u00f1ez a la bater\u00eda y Jose Antonio Tello Masmano al saxof\u00f3n, JAT Jazz Quartet se forma en 2018 por las inquietudes musicales de sus componentes, que rescata el color del Jazz y el Cool Jazz. Desde la \u00f3ptica del saxof\u00f3n en la historia del jazz y a trav\u00e9s de una formaci\u00f3n est\u00e1ndar de cuarteto, a\u00f1adiendo los colores del Latin Jazz y la modernidad. Para este concierto les acompa\u00f1ar\u00e1n Carlos Ferrer con la flaura, Jos\u00e9 Luis Ram\u00f3n con el bombardino, Ernest Almudever, Didac Pic\u00f3 y David Alonso con los saxos, y Hugo Mas con el tromb\u00f3n, todos ellos m\u00fasicos de La Art\u00edstica, adem\u00e1s de contar con la colaboraci\u00f3n especial del guitarrista Berny Vidal.<\/p>\n\n\n\n<p>Ya en la segunda parte, Leandro Perpi\u00f1\u00e1n y Javier Galiana, ambos con una larga trayectoria en el mundo del jazz en nuestro pa\u00eds, llenar\u00e1n el escenario del Teatro Montecarlo con la m\u00fasica de \u201cNo me vayas a enga\u00f1ar\u201d, disco publicado el pasado a\u00f1o. Tras colaborar en varias formaciones, principalmente en la Andaluc\u00eda Big Band, y paralelamente a sus propios proyectos, nace este proyecto discogr\u00e1fico con repertorio que incluye composiciones de B.Strayhorn, G. Gershwin, T. Dameron o P. Sambeat y que presentar\u00e1n en un concierto muy especial para el saxofonista Leandro Perpi\u00f1\u00e1n, m\u00fasico de La Art\u00edstica.<\/p>\n\n\n\n<p>Con aforo limitado y cumpliendo con las medidas de seguridad que requiere la situaci\u00f3n actual, el Teatro Montecarlo acoger\u00e1 esta velada de jazz \u00fanica para la cual ya est\u00e1n a la venta las entradas de manera anticipada. Con un precio de 8\u20ac, 6\u20ac para los socios de La Art\u00edstica, las entradas ya est\u00e1n a la venta en la Secretar\u00eda de la Sociedad Musical La Art\u00edstica y a trav\u00e9s del correo electr\u00f3nico comunicacion@laartistica.org.<\/p>\n","protected":false},"excerpt":{"rendered":"<div class=\"mh-excerpt\">Con la idea de ofrecer una programaci\u00f3n estable en el Teatro Montecarlo, nace la iniciativa de la Sociedad Musical La Art\u00edstica de Bu\u00f1ol \u201cMontecarlo es Cultura\u201d, con la inestimable colaboraci\u00f3n del Ayuntamiento de la localidad. <a class=\"mh-excerpt-more\" href=\"https:\/\/www.tucomarca.com\/wordpress\/segunda\/arranca-el-proyecto-montecarlo-es-cultura-con-la-presentacion-del-disco-no-me-vayas-a-enganar-de-leandro-perpinan-y-javier-galiana\/\" title=\"Arranca el proyecto \u201cMontecarlo es Cultura\u201d con la presentaci\u00f3n del disco \u201cNo me vayas a enga\u00f1ar\u201d de Leandro Perpi\u00f1\u00e1n y Javier Galiana\">[+] <\/a><\/div>\n","protected":false},"author":12,"featured_media":119374,"comment_status":"open","ping_status":"open","sticky":false,"template":"","format":"standard","meta":{"footnotes":""},"categories":[4,18,66,8,10,7,3],"tags":[10385,5952,13039,10559],"class_list":{"0":"post-119372","1":"post","2":"type-post","3":"status-publish","4":"format-standard","5":"has-post-thumbnail","7":"category-agenda","8":"category-bunol","9":"category-musica","10":"category-la-comarca","11":"category-la-hoya","12":"category-ocio-y-cultura","13":"category-seccion","14":"tag-bunol","15":"tag-la-hoya-de-bunol-chiva","16":"tag-montecarlo-es-cultura","17":"tag-sm-la-artistica-de-bunol"},"_links":{"self":[{"href":"https:\/\/www.tucomarca.com\/wordpress\/segunda\/wp-json\/wp\/v2\/posts\/119372","targetHints":{"allow":["GET"]}}],"collection":[{"href":"https:\/\/www.tucomarca.com\/wordpress\/segunda\/wp-json\/wp\/v2\/posts"}],"about":[{"href":"https:\/\/www.tucomarca.com\/wordpress\/segunda\/wp-json\/wp\/v2\/types\/post"}],"author":[{"embeddable":true,"href":"https:\/\/www.tucomarca.com\/wordpress\/segunda\/wp-json\/wp\/v2\/users\/12"}],"replies":[{"embeddable":true,"href":"https:\/\/www.tucomarca.com\/wordpress\/segunda\/wp-json\/wp\/v2\/comments?post=119372"}],"version-history":[{"count":0,"href":"https:\/\/www.tucomarca.com\/wordpress\/segunda\/wp-json\/wp\/v2\/posts\/119372\/revisions"}],"wp:featuredmedia":[{"embeddable":true,"href":"https:\/\/www.tucomarca.com\/wordpress\/segunda\/wp-json\/wp\/v2\/media\/119374"}],"wp:attachment":[{"href":"https:\/\/www.tucomarca.com\/wordpress\/segunda\/wp-json\/wp\/v2\/media?parent=119372"}],"wp:term":[{"taxonomy":"category","embeddable":true,"href":"https:\/\/www.tucomarca.com\/wordpress\/segunda\/wp-json\/wp\/v2\/categories?post=119372"},{"taxonomy":"post_tag","embeddable":true,"href":"https:\/\/www.tucomarca.com\/wordpress\/segunda\/wp-json\/wp\/v2\/tags?post=119372"}],"curies":[{"name":"wp","href":"https:\/\/api.w.org\/{rel}","templated":true}]}}