{"id":119401,"date":"2020-11-17T23:56:31","date_gmt":"2020-11-17T22:56:31","guid":{"rendered":"http:\/\/www.tucomarca.com\/wordpress\/segunda\/?p=119401"},"modified":"2020-11-18T11:31:08","modified_gmt":"2020-11-18T10:31:08","slug":"telefonica-dota-de-fibra-optica-al-91-de-la-poblacion-de-losa-del-obispo","status":"publish","type":"post","link":"https:\/\/www.tucomarca.com\/wordpress\/segunda\/telefonica-dota-de-fibra-optica-al-91-de-la-poblacion-de-losa-del-obispo\/","title":{"rendered":"Telef\u00f3nica dota de fibra \u00f3ptica al 91% de la poblaci\u00f3n de Losa del Obispo"},"content":{"rendered":"\n<h4 class=\"wp-block-heading\"><strong>Con el objetivo de hacer frente al aumento de la demanda de red causada por la pandemia del coronavirus la compa\u00f1\u00eda ha puesto en marcha en este municipio la tecnolog\u00eda de red fija m\u00e1s r\u00e1pida, segura y vers\u00e1til del mercado<\/strong><\/h4>\n\n\n\n<h4 class=\"wp-block-heading\"><strong>El servicio permite a la ciudadan\u00eda, empresas e instituciones posicionarse tecnol\u00f3gicamente en una situaci\u00f3n avanzada para hacer frente al nuevo entorno digital post-Covid<\/strong><\/h4>\n\n\n\n<p>M\u00e1s teletrabajo, mayor consumo audiovisual, incremento significativo de la educaci\u00f3n y formaci\u00f3n a distancia o aumento de las horas de ocio que requieren de conexi\u00f3n de red. La demanda de Internet se ha disparado en los \u00faltimos meses debido a las recomendaciones sanitarias derivadas de la pandemia y que inciden en un aumento significativo de la presencia de las familias en los hogares. Por ello, y con el objetivo de garantizar que la cobertura y calidad de la red es la misma en cualquier punto de la Comunitat Valenciana, Telef\u00f3nica desplegar\u00e1 fibra \u00f3ptica en todos sus municipios antes de que finalice 2025.<\/p>\n\n\n\n<p>En este sentido y a partir de hoy<strong>, <\/strong>la compa\u00f1\u00eda ofrece conexi\u00f3n de fibra \u00f3ptica en Losa del Obispo y pone a disposici\u00f3n de sus ciudadanos, empresarios y administraciones la mejor tecnolog\u00eda de red fija del mercado. En total, 488 hogares y comercios han entrado por primera vez en cobertura de fibra en este municipio valenciano.<\/p>\n\n\n\n<p>Los trabajos realizados por la compa\u00f1\u00eda ya permiten que el 91% de los habitantes de Losa del Obispo ya dispongan de esta conexi\u00f3n avanzada, asegurando adem\u00e1s una red que soporta los aumentos de la velocidad de transmisi\u00f3n tanto de subida como de bajada a medida que los servicios y aplicaciones lo requieran y sin tener que realizar nuevos trabajos. Asimismo, el acceso a la fibra \u00f3ptica asegura que en un futuro cercano la red 5G pueda ponerse en marcha con plena garant\u00eda de calidad.<\/p>\n\n\n\n<p>\u201cEn Telef\u00f3nica estamos convencidos de que este despliegue es imprescindible en un momento en el que la digitalizaci\u00f3n ha dejado de ser una opci\u00f3n y se ha convertido en una obligaci\u00f3n\u201d, ha explicado Bruno Vilarasau, director de Administraciones P\u00fablicas y Servicios Digitales de Telef\u00f3nica en la Comunitat.<\/p>\n\n\n\n<p>La puesta en marcha de este servicio permite adem\u00e1s a Losa del Obispo posicionarse tecnol\u00f3gicamente en una situaci\u00f3n avanzada para hacer frente al nuevo entorno digital post-Covid. De esta forma, Telef\u00f3nica da cobertura a la demanda creciente de los hogares y empresas, mejorando la vida de los losanos y contribuyendo a mejorar la educaci\u00f3n y el desarrollo de los negocios e instituciones del municipio. \u201cEn la Comunitat contamos con una de las mayores infraestructuras digitales y redes de nueva generaci\u00f3n, como la de fibra \u00f3ptica, que son un elemento vital para avanzar hacia una sociedad y una econom\u00eda m\u00e1s sostenible y una conectividad m\u00e1s inclusiva\u201d, ha a\u00f1adido Vilarasau.<\/p>\n\n\n\n<p>En esta misma l\u00ednea, el alcalde de Losa del Obispo, David P\u00e9rez, ha se\u00f1ado que el despliegue de fibra \u00f3ptica fue una de las prioridades del consistorio debido principalmente al contexto de despoblaci\u00f3n. Seg\u00fan David P\u00e9rez, \u201cla situaci\u00f3n a la que se enfrentan municipios como el nuestro hace contemplar la fibra \u00f3ptica como un servicio esencial que ayuda a fomentar y facilitar la vida en los pueblos. Con el despliegue de esta tecnolog\u00eda, damos la posibilidad de iniciar nuevos proyectos y promover iniciativas que nos hagan crecer y que mejoren la calidad de vida de nuestros vecinos y vecinas\u201d.<\/p>\n\n\n\n<p>Asimismo, el alcalde de Losa del Obispo ha destacado que \u201cla pandemia nos ha hecho ver la importancia del servicio todav\u00eda m\u00e1s, puesto que hab\u00eda vecinos que ten\u00edan dificultades para poder teletrabajar con todas las garant\u00edas o alumnos que no pod\u00edan seguir las clases con normalidad\u201d. Por ello, ha a\u00f1adido \u201ccon este servicio, la vida aqu\u00ed ser\u00e1 m\u00e1s c\u00f3moda y adaptada a las necesidades actuales\u201d.<\/p>\n\n\n\n<p><strong>Teletrabajo, educaci\u00f3n y ocio<\/strong><\/p>\n\n\n\n<p>La fibra \u00f3ptica desde la central hasta el hogar o el negocio es actualmente la tecnolog\u00eda de conectividad fija m\u00e1s avanzada del mercado. En el \u00e1mbito dom\u00e9stico, la fibra \u00f3ptica sim\u00e9trica de 600 MB que ofrece Telef\u00f3nica permite teletrabajar, estudiar, ver televisi\u00f3n de alta definici\u00f3n como Movistar+, disfrutar de juegos online con gran fluidez, realizar videoconferencias de m\u00e1xima calidad y navegaci\u00f3n ultra r\u00e1pida en Internet, incluso, desde distintos dispositivos simult\u00e1neamente sin que el estado de la conexi\u00f3n sufra alteraciones.&nbsp;<\/p>\n\n\n\n<p>Para garantizar estos servicios, en los \u00faltimos a\u00f1os Telef\u00f3nica ha invertido en la construcci\u00f3n de una red totalmente nueva que potencia el tejido empresarial e institucional de la Comunitat: moderniza la forma de trabajar facilitando el desarrollo cotidiano a aut\u00f3nomos y pymes y presta mejores servicios a los usuarios para que accedan a todas las posibilidades del mundo digital. Con todo ello, el objetivo de la compa\u00f1\u00eda es reactivar la econom\u00eda y contribuir a un cambio de modelo econ\u00f3mico m\u00e1s sostenible.<\/p>\n\n\n\n<p><strong>Telef\u00f3nica en la Comunitat<\/strong><\/p>\n\n\n\n<p>Telef\u00f3nica ratifica su compromiso por el bienestar econ\u00f3mico y social de la Comunitat Valenciana. Muestra de ello son los 90 puntos de atenci\u00f3n a disposici\u00f3n de los clientes, los m\u00e1s de 104 millones de euros facturados a un total de 72 proveedores locales, la contribuci\u00f3n al trabajo a trav\u00e9s de los 1.349 empleados directos, el 98% de la poblaci\u00f3n en cobertura 4G y m\u00e1s del 65% de los hogares y negocios que disponen de fibra \u00f3ptica en el territorio. Adem\u00e1s, Telef\u00f3nica apoya al sector de las TIC, la cultura, el emprendimiento y el deporte mediante diferentes patrocinios.<\/p>\n","protected":false},"excerpt":{"rendered":"<div class=\"mh-excerpt\">Con el objetivo de hacer frente al aumento de la demanda de red causada por la pandemia del coronavirus la compa\u00f1\u00eda ha puesto en marcha en este municipio la tecnolog\u00eda de red fija m\u00e1s r\u00e1pida, <a class=\"mh-excerpt-more\" href=\"https:\/\/www.tucomarca.com\/wordpress\/segunda\/telefonica-dota-de-fibra-optica-al-91-de-la-poblacion-de-losa-del-obispo\/\" title=\"Telef\u00f3nica dota de fibra \u00f3ptica al 91% de la poblaci\u00f3n de Losa del Obispo\">[+] <\/a><\/div>\n","protected":false},"author":12,"featured_media":119406,"comment_status":"open","ping_status":"open","sticky":false,"template":"","format":"standard","meta":{"footnotes":""},"categories":[128,8,59,195,3],"tags":[13040,10400,10539],"class_list":{"0":"post-119401","1":"post","2":"type-post","3":"status-publish","4":"format-standard","5":"has-post-thumbnail","7":"category-infraestructuras","8":"category-la-comarca","9":"category-los-serranos","10":"category-losa-del-obispo","11":"category-seccion","12":"tag-fibra-optica","13":"tag-los-serranos","14":"tag-losa-del-obispo"},"_links":{"self":[{"href":"https:\/\/www.tucomarca.com\/wordpress\/segunda\/wp-json\/wp\/v2\/posts\/119401","targetHints":{"allow":["GET"]}}],"collection":[{"href":"https:\/\/www.tucomarca.com\/wordpress\/segunda\/wp-json\/wp\/v2\/posts"}],"about":[{"href":"https:\/\/www.tucomarca.com\/wordpress\/segunda\/wp-json\/wp\/v2\/types\/post"}],"author":[{"embeddable":true,"href":"https:\/\/www.tucomarca.com\/wordpress\/segunda\/wp-json\/wp\/v2\/users\/12"}],"replies":[{"embeddable":true,"href":"https:\/\/www.tucomarca.com\/wordpress\/segunda\/wp-json\/wp\/v2\/comments?post=119401"}],"version-history":[{"count":0,"href":"https:\/\/www.tucomarca.com\/wordpress\/segunda\/wp-json\/wp\/v2\/posts\/119401\/revisions"}],"wp:featuredmedia":[{"embeddable":true,"href":"https:\/\/www.tucomarca.com\/wordpress\/segunda\/wp-json\/wp\/v2\/media\/119406"}],"wp:attachment":[{"href":"https:\/\/www.tucomarca.com\/wordpress\/segunda\/wp-json\/wp\/v2\/media?parent=119401"}],"wp:term":[{"taxonomy":"category","embeddable":true,"href":"https:\/\/www.tucomarca.com\/wordpress\/segunda\/wp-json\/wp\/v2\/categories?post=119401"},{"taxonomy":"post_tag","embeddable":true,"href":"https:\/\/www.tucomarca.com\/wordpress\/segunda\/wp-json\/wp\/v2\/tags?post=119401"}],"curies":[{"name":"wp","href":"https:\/\/api.w.org\/{rel}","templated":true}]}}