{"id":119410,"date":"2020-11-17T23:30:23","date_gmt":"2020-11-17T22:30:23","guid":{"rendered":"http:\/\/www.tucomarca.com\/wordpress\/segunda\/?p=119410"},"modified":"2020-11-18T11:06:48","modified_gmt":"2020-11-18T10:06:48","slug":"en-requena-utiel-abundan-los-pinos-y-carrascas-monumentales","status":"publish","type":"post","link":"https:\/\/www.tucomarca.com\/wordpress\/segunda\/en-requena-utiel-abundan-los-pinos-y-carrascas-monumentales\/","title":{"rendered":"En Requena-Utiel abundan los pinos y carrascas monumentales"},"content":{"rendered":"\n<p>Las carrascas monumentales centenarias abundan en el entorno del caser\u00edo de Pedriches y de la finca el Renegado, en el municipio de Venta del Moro, dentro de la comarca Requena-Utiel.&nbsp;<\/p>\n\n\n\n<ul class=\"wp-block-gallery columns-1 is-cropped wp-block-gallery-1 is-layout-flex wp-block-gallery-is-layout-flex\"><li class=\"blocks-gallery-item\"><figure><img loading=\"lazy\" decoding=\"async\" width=\"768\" height=\"1024\" src=\"https:\/\/www.tucomarca.com\/wordpress\/segunda\/wp-content\/uploads\/2020\/11\/pino-768x1024.jpg\" alt=\"\" data-id=\"119416\" data-link=\"https:\/\/www.tucomarca.com\/wordpress\/segunda\/?attachment_id=119416\" class=\"wp-image-119416\" srcset=\"https:\/\/www.tucomarca.com\/wordpress\/segunda\/wp-content\/uploads\/2020\/11\/pino-768x1024.jpg 768w, https:\/\/www.tucomarca.com\/wordpress\/segunda\/wp-content\/uploads\/2020\/11\/pino-225x300.jpg 225w, https:\/\/www.tucomarca.com\/wordpress\/segunda\/wp-content\/uploads\/2020\/11\/pino.jpg 787w\" sizes=\"auto, (max-width: 768px) 100vw, 768px\" \/><\/figure><\/li><\/ul>\n\n\n\n<p>Entre las dos zonas mencionadas se puede realizar una ruta por las carrascas monumentales, pasando por parajes muy atractivos donde se alternan los vi\u00f1edos con las masas forestales con frondosos pinares.<\/p>\n\n\n\n<p>Como caso curioso, cabe comentar que, frente al caser\u00edo de Pedriches hay una carrasca centenaria, muy peculiar porque tiene cuatro pies.<\/p>\n\n\n\n<p>Tambi\u00e9n en el paraje Casa Blanca de Requena podemos contemplar varios pinos monumentales. Informa, <strong>Luis Ib\u00e1\u00f1ez<\/strong>.<\/p>\n","protected":false},"excerpt":{"rendered":"<div class=\"mh-excerpt\">Las carrascas monumentales centenarias abundan en el entorno del caser\u00edo de Pedriches y de la finca el Renegado, en el municipio de Venta del Moro, dentro de la comarca Requena-Utiel.&nbsp; Entre las dos zonas mencionadas <a class=\"mh-excerpt-more\" href=\"https:\/\/www.tucomarca.com\/wordpress\/segunda\/en-requena-utiel-abundan-los-pinos-y-carrascas-monumentales\/\" title=\"En Requena-Utiel abundan los pinos y carrascas monumentales\">[+] <\/a><\/div>\n","protected":false},"author":12,"featured_media":119412,"comment_status":"open","ping_status":"open","sticky":false,"template":"","format":"standard","meta":{"footnotes":""},"categories":[112,236,37,138,139,8,111,117,28,27,140,3,235,29,234,120],"tags":[10387,10454],"class_list":{"0":"post-119410","1":"post","2":"type-post","3":"status-publish","4":"format-standard","5":"has-post-thumbnail","7":"category-campo-arcis","8":"category-camporrobles","9":"category-caudete","10":"category-chera","11":"category-fuenterrobles","12":"category-la-comarca","13":"category-las-cuevas","14":"category-medio-ambiente-la-comarca","15":"category-requena","16":"category-requena-utiel","17":"category-san-antonio","18":"category-seccion","19":"category-sinarcas","20":"category-utiel","21":"category-venta-del-moro","22":"category-villargordo-del-cabriel","23":"tag-requena-utiel","24":"tag-venta-del-moro"},"_links":{"self":[{"href":"https:\/\/www.tucomarca.com\/wordpress\/segunda\/wp-json\/wp\/v2\/posts\/119410","targetHints":{"allow":["GET"]}}],"collection":[{"href":"https:\/\/www.tucomarca.com\/wordpress\/segunda\/wp-json\/wp\/v2\/posts"}],"about":[{"href":"https:\/\/www.tucomarca.com\/wordpress\/segunda\/wp-json\/wp\/v2\/types\/post"}],"author":[{"embeddable":true,"href":"https:\/\/www.tucomarca.com\/wordpress\/segunda\/wp-json\/wp\/v2\/users\/12"}],"replies":[{"embeddable":true,"href":"https:\/\/www.tucomarca.com\/wordpress\/segunda\/wp-json\/wp\/v2\/comments?post=119410"}],"version-history":[{"count":0,"href":"https:\/\/www.tucomarca.com\/wordpress\/segunda\/wp-json\/wp\/v2\/posts\/119410\/revisions"}],"wp:featuredmedia":[{"embeddable":true,"href":"https:\/\/www.tucomarca.com\/wordpress\/segunda\/wp-json\/wp\/v2\/media\/119412"}],"wp:attachment":[{"href":"https:\/\/www.tucomarca.com\/wordpress\/segunda\/wp-json\/wp\/v2\/media?parent=119410"}],"wp:term":[{"taxonomy":"category","embeddable":true,"href":"https:\/\/www.tucomarca.com\/wordpress\/segunda\/wp-json\/wp\/v2\/categories?post=119410"},{"taxonomy":"post_tag","embeddable":true,"href":"https:\/\/www.tucomarca.com\/wordpress\/segunda\/wp-json\/wp\/v2\/tags?post=119410"}],"curies":[{"name":"wp","href":"https:\/\/api.w.org\/{rel}","templated":true}]}}