{"id":119422,"date":"2020-11-18T07:00:12","date_gmt":"2020-11-18T06:00:12","guid":{"rendered":"http:\/\/www.tucomarca.com\/wordpress\/segunda\/?p=119422"},"modified":"2020-11-18T11:18:30","modified_gmt":"2020-11-18T10:18:30","slug":"la-conselleria-de-transicion-ecologica-inicia-el-proceso-para-regular-el-agrocompostaje-de-proximidad-en-la-comunitat-valenciana","status":"publish","type":"post","link":"https:\/\/www.tucomarca.com\/wordpress\/segunda\/la-conselleria-de-transicion-ecologica-inicia-el-proceso-para-regular-el-agrocompostaje-de-proximidad-en-la-comunitat-valenciana\/","title":{"rendered":"La Conselleria de Transici\u00f3n Ecol\u00f3gica inicia el proceso para regular el agrocompostaje de proximidad en la Comunitat Valenciana"},"content":{"rendered":"\n<p>La Conselleria de Agricultura, Desarrollo Rural, Emergencia Clim\u00e1tica y Transici\u00f3n Ecol\u00f3gica ha iniciado el proceso para la regulaci\u00f3n de la nueva normativa de agrocompostajes en la Comunitat Valenciana. Con esta medida se pretende avanzar de manera pionera en los procesos de reducci\u00f3n en la generaci\u00f3n de residuos y autoconsumo de proximidad, de restos agr\u00edcolas, ganaderos, silv\u00edcolas y agroforestales.<\/p>\n\n\n\n<p>La consellera del organismo, Mireia Moll\u00e1 ha explicado que la nueva normativa de agrocompostaje tiene como objetivo fundamental \u00abestablecer un marco normativo de gesti\u00f3n sostenible de este tipo de residuos, en un entorno de econom\u00eda circular y de mitigaci\u00f3n de cambio clim\u00e1tico en el territorio de la Comunitat Valenciana\u00bb. Informa, <strong>Luis Ib\u00e1\u00f1ez<\/strong>.<\/p>\n","protected":false},"excerpt":{"rendered":"<div class=\"mh-excerpt\">La Conselleria de Agricultura, Desarrollo Rural, Emergencia Clim\u00e1tica y Transici\u00f3n Ecol\u00f3gica ha iniciado el proceso para la regulaci\u00f3n de la nueva normativa de agrocompostajes en la Comunitat Valenciana. Con esta medida se pretende avanzar de <a class=\"mh-excerpt-more\" href=\"https:\/\/www.tucomarca.com\/wordpress\/segunda\/la-conselleria-de-transicion-ecologica-inicia-el-proceso-para-regular-el-agrocompostaje-de-proximidad-en-la-comunitat-valenciana\/\" title=\"La Conselleria de Transici\u00f3n Ecol\u00f3gica inicia el proceso para regular el agrocompostaje de proximidad en la Comunitat Valenciana\">[+] <\/a><\/div>\n","protected":false},"author":12,"featured_media":119425,"comment_status":"open","ping_status":"open","sticky":false,"template":"","format":"standard","meta":{"footnotes":""},"categories":[169,128,8,72,117,27,3],"tags":[13044,13045,13043],"class_list":{"0":"post-119422","1":"post","2":"type-post","3":"status-publish","4":"format-standard","5":"has-post-thumbnail","7":"category-agricultura-la-comarca","8":"category-infraestructuras","9":"category-la-comarca","10":"category-sin-categorizar","11":"category-medio-ambiente-la-comarca","12":"category-requena-utiel","13":"category-seccion","14":"tag-agrocompostaje","15":"tag-compostaje","16":"tag-conselleria-de-transicion-ecologica"},"_links":{"self":[{"href":"https:\/\/www.tucomarca.com\/wordpress\/segunda\/wp-json\/wp\/v2\/posts\/119422","targetHints":{"allow":["GET"]}}],"collection":[{"href":"https:\/\/www.tucomarca.com\/wordpress\/segunda\/wp-json\/wp\/v2\/posts"}],"about":[{"href":"https:\/\/www.tucomarca.com\/wordpress\/segunda\/wp-json\/wp\/v2\/types\/post"}],"author":[{"embeddable":true,"href":"https:\/\/www.tucomarca.com\/wordpress\/segunda\/wp-json\/wp\/v2\/users\/12"}],"replies":[{"embeddable":true,"href":"https:\/\/www.tucomarca.com\/wordpress\/segunda\/wp-json\/wp\/v2\/comments?post=119422"}],"version-history":[{"count":0,"href":"https:\/\/www.tucomarca.com\/wordpress\/segunda\/wp-json\/wp\/v2\/posts\/119422\/revisions"}],"wp:featuredmedia":[{"embeddable":true,"href":"https:\/\/www.tucomarca.com\/wordpress\/segunda\/wp-json\/wp\/v2\/media\/119425"}],"wp:attachment":[{"href":"https:\/\/www.tucomarca.com\/wordpress\/segunda\/wp-json\/wp\/v2\/media?parent=119422"}],"wp:term":[{"taxonomy":"category","embeddable":true,"href":"https:\/\/www.tucomarca.com\/wordpress\/segunda\/wp-json\/wp\/v2\/categories?post=119422"},{"taxonomy":"post_tag","embeddable":true,"href":"https:\/\/www.tucomarca.com\/wordpress\/segunda\/wp-json\/wp\/v2\/tags?post=119422"}],"curies":[{"name":"wp","href":"https:\/\/api.w.org\/{rel}","templated":true}]}}