{"id":119435,"date":"2020-11-17T23:40:46","date_gmt":"2020-11-17T22:40:46","guid":{"rendered":"http:\/\/www.tucomarca.com\/wordpress\/segunda\/?p=119435"},"modified":"2020-11-18T11:15:34","modified_gmt":"2020-11-18T10:15:34","slug":"el-hospital-de-manises-sigue-ampliando-sus-plazas-mir-con-la-acreditacion-de-dos-nuevas-especialidades","status":"publish","type":"post","link":"https:\/\/www.tucomarca.com\/wordpress\/segunda\/el-hospital-de-manises-sigue-ampliando-sus-plazas-mir-con-la-acreditacion-de-dos-nuevas-especialidades\/","title":{"rendered":"El Hospital de Manises sigue ampliando sus plazas MIR con la acreditaci\u00f3n de dos nuevas especialidades"},"content":{"rendered":"\n<h4 class=\"wp-block-heading\">Ante la necesidad generalizada de profesionales que el Covid-19 ha puesto de manifiesto, el Departamento de Salud de Manises contribuir\u00e1 a la formaci\u00f3n de nuevos m\u00e9dicos<\/h4>\n\n\n\n<h4 class=\"wp-block-heading\">Neurofisiolog\u00eda y Urolog\u00eda son las especialidades certificadas por el Ministerio de Sanidad que se impartir\u00e1n el pr\u00f3ximo curso<\/h4>\n\n\n\n<h4 class=\"wp-block-heading\">Estas nuevas especialidades permitir\u00e1n formar en los centros sanitarios del Departamento a un 33% m\u00e1s de sanitarios especialistas<\/h4>\n\n\n\n<h4 class=\"wp-block-heading\">Manises cuenta ya con la docencia en las especialidades de Medicina Interna, Pediatr\u00eda, Radiolog\u00eda, Oftalmolog\u00eda, Traumatolog\u00eda y Medicina Familiar a la que se suman estas dos nuevas.<\/h4>\n\n\n\n<p>La falta de profesionales sanitarios se ha evidenciado con mayor fuerza en los momentos m\u00e1s duros de la pandemia en la que nos encontramos. Atendiendo a la necesidad de nuevos profesionales sanitarios especialistas, el Departamento de Salud de Manises sigue ampliando las plazas MIR para formar, cada a\u00f1o a m\u00e1s profesionales sanitarios. La reciente notificaci\u00f3n del Ministerio de Sanidad que acredita al Hospital universitario a impartir docencia a M\u00e9dicos Internos Residentes (MIR) en las especialidades de Neurofisiolog\u00eda y Urolog\u00eda, permitir\u00e1 al Hospital formar a un 33% m\u00e1s de profesionales sanitarios especialistas el pr\u00f3ximo curso.<\/p>\n\n\n\n<p>Adem\u00e1s de estas dos nuevas especialidades, el Departamento de Salud de Manises cuenta con las de Medicina Interna, Pediatr\u00eda, Radiolog\u00eda, Oftalmolog\u00eda, Traumatolog\u00eda y Medicina Familiar donde ya se est\u00e1n formando en la actualidad una docena de profesionales sanitarios en las distintas especialidades de enfermer\u00eda y medicina. \u201cNo nos confundimos al tomar la decisi\u00f3n, hace dos a\u00f1os, de apostar por la formaci\u00f3n de postgrado. Los resultados obtenidos avalan el acierto y el trabajo de muchos de los profesionales dedicados a la docencia\u201d, destaca el gerente del Departamento de Salud de Manises, el Dr. Ricardo Trujillo.<\/p>\n\n\n\n<p>Adem\u00e1s, el Dr. Trujillo a\u00f1ade que&nbsp;\u201cla docencia y la investigaci\u00f3n son dos ejes fundamentales para que el Departamento colabore activamente con nuestra sociedad en la formaci\u00f3n de futuros profesionales para que el sistema sanitario p\u00fablico valenciano siga creciendo cuando m\u00e1s lo necesita\u201d, indica el Dr. Trujillo. En esta l\u00ednea, ha a\u00f1adido que \u201clos MIR recibir\u00e1n una formaci\u00f3n integral, personalizada y grupal y formar\u00e1n parte de nuestra actividad asistencial e investigadora\u201d, concluye.<\/p>\n\n\n\n<p><strong>La docencia, una prioridad<\/strong><\/p>\n\n\n\n<p>Actualmente, el Departamento de Salud de Manises est\u00e1 formando a estudiantes de grado, posgrado o centro de formaci\u00f3n. De hecho, durante el curso 2019-2020,&nbsp;1.200 estudiantes de medicina, enfermer\u00eda, odontolog\u00eda, formaci\u00f3n profesional sanitaria, fisioterapeutas o alumnos procedentes de otras disciplinas de diferentes universidades de la Comunitat Valenciana han realizado pr\u00e1cticas formativas en el Departamento.<\/p>\n","protected":false},"excerpt":{"rendered":"<div class=\"mh-excerpt\">Ante la necesidad generalizada de profesionales que el Covid-19 ha puesto de manifiesto, el Departamento de Salud de Manises contribuir\u00e1 a la formaci\u00f3n de nuevos m\u00e9dicos Neurofisiolog\u00eda y Urolog\u00eda son las especialidades certificadas por el <a class=\"mh-excerpt-more\" href=\"https:\/\/www.tucomarca.com\/wordpress\/segunda\/el-hospital-de-manises-sigue-ampliando-sus-plazas-mir-con-la-acreditacion-de-dos-nuevas-especialidades\/\" title=\"El Hospital de Manises sigue ampliando sus plazas MIR con la acreditaci\u00f3n de dos nuevas especialidades\">[+] <\/a><\/div>\n","protected":false},"author":12,"featured_media":108268,"comment_status":"open","ping_status":"open","sticky":false,"template":"","format":"standard","meta":{"footnotes":""},"categories":[19,18,46,17,16,12201,14,128,8,10,42,178,13,182,3,43,11],"tags":[10395,11937,136,5952,1407],"class_list":{"0":"post-119435","1":"post","2":"type-post","3":"status-publish","4":"format-standard","5":"has-post-thumbnail","7":"category-alborache","8":"category-bunol","9":"category-camp-de-turia","10":"category-cheste","11":"category-chiva","12":"category-covid-19","13":"category-godelleta","14":"category-infraestructuras","15":"category-la-comarca","16":"category-la-hoya","17":"category-la-ribera","18":"category-loriguilla","19":"category-macastre","20":"category-riba-roja","21":"category-seccion","22":"category-turis","23":"category-yatova","24":"tag-camp-de-turia","25":"tag-coronavirus","26":"tag-hospital-de-manises","27":"tag-la-hoya-de-bunol-chiva","28":"tag-ribera-alta"},"_links":{"self":[{"href":"https:\/\/www.tucomarca.com\/wordpress\/segunda\/wp-json\/wp\/v2\/posts\/119435","targetHints":{"allow":["GET"]}}],"collection":[{"href":"https:\/\/www.tucomarca.com\/wordpress\/segunda\/wp-json\/wp\/v2\/posts"}],"about":[{"href":"https:\/\/www.tucomarca.com\/wordpress\/segunda\/wp-json\/wp\/v2\/types\/post"}],"author":[{"embeddable":true,"href":"https:\/\/www.tucomarca.com\/wordpress\/segunda\/wp-json\/wp\/v2\/users\/12"}],"replies":[{"embeddable":true,"href":"https:\/\/www.tucomarca.com\/wordpress\/segunda\/wp-json\/wp\/v2\/comments?post=119435"}],"version-history":[{"count":0,"href":"https:\/\/www.tucomarca.com\/wordpress\/segunda\/wp-json\/wp\/v2\/posts\/119435\/revisions"}],"wp:featuredmedia":[{"embeddable":true,"href":"https:\/\/www.tucomarca.com\/wordpress\/segunda\/wp-json\/wp\/v2\/media\/108268"}],"wp:attachment":[{"href":"https:\/\/www.tucomarca.com\/wordpress\/segunda\/wp-json\/wp\/v2\/media?parent=119435"}],"wp:term":[{"taxonomy":"category","embeddable":true,"href":"https:\/\/www.tucomarca.com\/wordpress\/segunda\/wp-json\/wp\/v2\/categories?post=119435"},{"taxonomy":"post_tag","embeddable":true,"href":"https:\/\/www.tucomarca.com\/wordpress\/segunda\/wp-json\/wp\/v2\/tags?post=119435"}],"curies":[{"name":"wp","href":"https:\/\/api.w.org\/{rel}","templated":true}]}}